{"id":1014,"date":"2024-06-30T10:05:08","date_gmt":"2024-06-30T10:05:08","guid":{"rendered":"https:\/\/popartlifedergi.com\/?p=1014"},"modified":"2024-06-30T10:05:09","modified_gmt":"2024-06-30T10:05:09","slug":"renklerin-sairi-lov-faralyada","status":"publish","type":"post","link":"https:\/\/popartlifedergi.com\/index.php\/2024\/06\/30\/renklerin-sairi-lov-faralyada\/","title":{"rendered":"Renklerin \u015eairi Lov Faralya\u2019da\u00a0"},"content":{"rendered":"\n<figure class=\"wp-block-image size-full\"><img loading=\"lazy\" decoding=\"async\" width=\"842\" height=\"1001\" src=\"data:image\/gif;base64,R0lGODlhAQABAAAAACH5BAEKAAEALAAAAAABAAEAAAICTAEAOw==\" data-src=\"https:\/\/popartlifedergi.com\/wp-content\/uploads\/2024\/06\/Lov-Sanat-Gunleri.jpg\" alt=\"\" class=\"wp-image-1015 lazyload\" data-sizes=\"auto\" data-srcset=\"https:\/\/popartlifedergi.com\/wp-content\/uploads\/2024\/06\/Lov-Sanat-Gunleri.jpg 842w, https:\/\/popartlifedergi.com\/wp-content\/uploads\/2024\/06\/Lov-Sanat-Gunleri-252x300.jpg 252w, https:\/\/popartlifedergi.com\/wp-content\/uploads\/2024\/06\/Lov-Sanat-Gunleri-768x913.jpg 768w, https:\/\/popartlifedergi.com\/wp-content\/uploads\/2024\/06\/Lov-Sanat-Gunleri-450x535.jpg 450w, https:\/\/popartlifedergi.com\/wp-content\/uploads\/2024\/06\/Lov-Sanat-Gunleri-225x267.jpg 225w, https:\/\/popartlifedergi.com\/wp-content\/uploads\/2024\/06\/Lov-Sanat-Gunleri-20x24.jpg 20w, https:\/\/popartlifedergi.com\/wp-content\/uploads\/2024\/06\/Lov-Sanat-Gunleri-81x96.jpg 81w\" sizes=\"auto, (max-width: 842px) 100vw, 842px\" \/><\/figure>\n\n\n\n<p><em>LOV Faralya, sanata olan ba\u011fl\u0131l\u0131\u011f\u0131n\u0131 &#8220;Lov Sanat G\u00fcnleri&#8221; ile bir kez daha ortaya koyuyor. Haziran ve Temmuz aylar\u0131nda ger\u00e7ekle\u015fecek bu \u00f6zel etkinlik serisinde, se\u00e7kin ressamlar\u0131n eserleri Lov Faralya\u2019n\u0131n e\u015fsiz manzaras\u0131 e\u015fli\u011finde sergilenecek.<\/em>&nbsp;<\/p>\n\n\n\n<p>LOV Faralya sadece bir tatil destinasyonu de\u011fil, ayn\u0131 zamanda sanat\u0131n ve k\u00fclt\u00fcr\u00fcn bulu\u015fma noktas\u0131 olarak etkinliklerini s\u00fcrd\u00fcr\u00fcyor. Haziran ay\u0131n\u0131n konu\u011fu ise \u00fcnl\u00fc ressam Hikmet \u00c7etinkaya.&nbsp;<\/p>\n\n\n\n<p>Faralya Koyu&#8217;nun b\u00fcy\u00fcleyici do\u011fas\u0131, sanat\u0131n renkleriyle bulu\u015farak ziyaret\u00e7ilere unutulmaz anlar ya\u015fatacak.&nbsp;<\/p>\n\n\n\n<p>Haziran Etkinlik Program\u0131:&nbsp;<\/p>\n\n\n\n<p>* T\u00fcm Ay Boyunca Sergi: \u00dcnl\u00fc Ressam Hikmet \u00c7etinkaya&#8217;n\u0131n eserleri, Lov Faralya\u2019n\u0131n odalar\u0131nda ve restoran\u0131nda sergilenecek. Sanat\u0131n her k\u00f6\u015fede hissedildi\u011fi bu \u00f6zel sergi, ziyaret\u00e7ilere g\u00f6rsel bir \u015f\u00f6len sunacak.&nbsp;<\/p>\n\n\n\n<p>* Workshop: 30 Haziran 2024 &#8211; Sanatseverler i\u00e7in \u00f6zel bir \u00e7al\u0131\u015ftay d\u00fczenlenecek. Kat\u0131l\u0131mc\u0131lar, sanat\u0131n inceliklerini uygulamal\u0131 bir \u015fekilde \u00f6\u011frenme f\u0131rsat\u0131 bulacaklar.&nbsp;<\/p>\n\n\n\n<p>* Gala Yeme\u011fi: 01 Temmuz 2024 &#8211; Ay\u0131n sonunda d\u00fczenlenecek gala yeme\u011fi, sanat\u00e7\u0131lar, koleksiyonerleri bulu\u015fturacak. Bu \u00f6zel gece, sanat ve dostluk ba\u011flar\u0131n\u0131 g\u00fc\u00e7lendirecek bir bulu\u015fma olacak.&nbsp;<\/p>\n\n\n\n<p>Akdeniz&#8217;in en g\u00fczel mavilerindeki Faralya koyunda sanatla i\u00e7 i\u00e7e ge\u00e7ecek unutulmaz g\u00fcnler Haziran ve Temmuz boyunca sizleri bekliyor.&nbsp;<\/p>\n\n\n\n<p><strong>Sanat\u00e7\u0131 Hakk\u0131nda:&nbsp;<\/strong>&nbsp;<\/p>\n\n\n\n<p>Hikmet \u00c7etinkaya&nbsp;<\/p>\n\n\n\n<p>Renklerin \u015fairi olarak an\u0131lan Hikmet \u00c7etinkaya, T\u00fcrk resim sanat\u0131n\u0131n \u00f6nde gelen isimlerinden biridir. 1958 y\u0131l\u0131nda Ankara&#8217;da do\u011fan \u00c7etinkaya, \u0130stanbul Devlet G\u00fczel Sanatlar Akademisi&#8217;nde e\u011fitimini tamamlam\u0131\u015f ve sanat hayat\u0131na \u00e7e\u015fitli sergilerle ad\u0131m atm\u0131\u015ft\u0131r. \u00d6zellikle soyut kompozisyonlar\u0131 ve renk kullan\u0131m\u0131ndaki ustal\u0131\u011f\u0131yla tan\u0131nan sanat\u00e7\u0131, do\u011fadan ald\u0131\u011f\u0131 ilham\u0131 tuvallerine yans\u0131tarak izleyicilerine do\u011fan\u0131n ve ya\u015fam\u0131n i\u00e7 y\u00fcz\u00fcn\u00fc g\u00f6stermeyi ama\u00e7lar.&nbsp;<\/p>\n\n\n\n<p>\u00c7etinkaya&#8217;n\u0131n eserleri, yaln\u0131zca T\u00fcrkiye&#8217;de de\u011fil, d\u00fcnya \u00e7ap\u0131nda bir\u00e7ok \u00f6zel koleksiyonda ve m\u00fczede yer almaktad\u0131r.&nbsp;&nbsp;<\/p>\n\n\n\n<p>Sanat\u00e7\u0131, ayn\u0131 zamanda sanat e\u011fitimi vererek gen\u00e7 nesillere ilham kayna\u011f\u0131 olmaya devam etmektedir. LOV Sanat G\u00fcnleri kapsam\u0131nda ger\u00e7ekle\u015ftirilecek sergi, \u00c7etinkaya&#8217;n\u0131n en se\u00e7kin eserlerini bir araya getirerek sanatseverlere unutulmaz bir g\u00f6rsel \u015f\u00f6len sunacak. Bu sergi, Hikmet \u00c7etinkaya&#8217;n\u0131n sanat\u0131n\u0131 daha yak\u0131ndan tan\u0131ma ve onun renkler d\u00fcnyas\u0131nda bir yolculu\u011fa \u00e7\u0131kma f\u0131rsat\u0131 verecek.&nbsp;<\/p>\n","protected":false},"excerpt":{"rendered":"<p>LOV Faralya, sanata olan ba\u011fl\u0131l\u0131\u011f\u0131n\u0131 &#8220;Lov Sanat G\u00fcnleri&#8221; ile bir kez daha ortaya koyuyor. Haziran ve Temmuz aylar\u0131nda ger\u00e7ekle\u015fecek bu \u00f6zel etkinlik serisinde, se\u00e7kin ressamlar\u0131n eserleri Lov Faralya\u2019n\u0131n e\u015fsiz manzaras\u0131 e\u015fli\u011finde sergilenecek.&nbsp; LOV Faralya sadece bir tatil destinasyonu de\u011fil, ayn\u0131 zamanda sanat\u0131n ve k\u00fclt\u00fcr\u00fcn bulu\u015fma noktas\u0131 olarak etkinliklerini s\u00fcrd\u00fcr\u00fcyor. Haziran ay\u0131n\u0131n konu\u011fu ise \u00fcnl\u00fc ressam&hellip;<\/p>\n","protected":false},"author":1,"featured_media":1016,"comment_status":"open","ping_status":"open","sticky":true,"template":"","format":"standard","meta":{"spay_email":"","footnotes":""},"categories":[16],"tags":[],"thb-sponsors":[],"class_list":["post-1014","post","type-post","status-publish","format-standard","has-post-thumbnail","hentry","category-kesfet"],"jetpack_featured_media_url":"https:\/\/popartlifedergi.com\/wp-content\/uploads\/2024\/06\/LOV-FARALYA-1.jpg","_links":{"self":[{"href":"https:\/\/popartlifedergi.com\/index.php\/wp-json\/wp\/v2\/posts\/1014","targetHints":{"allow":["GET"]}}],"collection":[{"href":"https:\/\/popartlifedergi.com\/index.php\/wp-json\/wp\/v2\/posts"}],"about":[{"href":"https:\/\/popartlifedergi.com\/index.php\/wp-json\/wp\/v2\/types\/post"}],"author":[{"embeddable":true,"href":"https:\/\/popartlifedergi.com\/index.php\/wp-json\/wp\/v2\/users\/1"}],"replies":[{"embeddable":true,"href":"https:\/\/popartlifedergi.com\/index.php\/wp-json\/wp\/v2\/comments?post=1014"}],"version-history":[{"count":1,"href":"https:\/\/popartlifedergi.com\/index.php\/wp-json\/wp\/v2\/posts\/1014\/revisions"}],"predecessor-version":[{"id":1017,"href":"https:\/\/popartlifedergi.com\/index.php\/wp-json\/wp\/v2\/posts\/1014\/revisions\/1017"}],"wp:featuredmedia":[{"embeddable":true,"href":"https:\/\/popartlifedergi.com\/index.php\/wp-json\/wp\/v2\/media\/1016"}],"wp:attachment":[{"href":"https:\/\/popartlifedergi.com\/index.php\/wp-json\/wp\/v2\/media?parent=1014"}],"wp:term":[{"taxonomy":"category","embeddable":true,"href":"https:\/\/popartlifedergi.com\/index.php\/wp-json\/wp\/v2\/categories?post=1014"},{"taxonomy":"post_tag","embeddable":true,"href":"https:\/\/popartlifedergi.com\/index.php\/wp-json\/wp\/v2\/tags?post=1014"},{"taxonomy":"thb-sponsors","embeddable":true,"href":"https:\/\/popartlifedergi.com\/index.php\/wp-json\/wp\/v2\/thb-sponsors?post=1014"}],"curies":[{"name":"wp","href":"https:\/\/api.w.org\/{rel}","templated":true}]}}