{"id":1059,"date":"2024-09-23T11:12:17","date_gmt":"2024-09-23T11:12:17","guid":{"rendered":"https:\/\/popartlifedergi.com\/?p=1059"},"modified":"2024-09-23T11:12:18","modified_gmt":"2024-09-23T11:12:18","slug":"imza-sanat-galerisi-bir-gunluk-sergi-konsepti-ile-turkiyede-bir-ilke-imza-atiyor","status":"publish","type":"post","link":"https:\/\/popartlifedergi.com\/index.php\/2024\/09\/23\/imza-sanat-galerisi-bir-gunluk-sergi-konsepti-ile-turkiyede-bir-ilke-imza-atiyor\/","title":{"rendered":"\u0130mza Sanat Galerisi &#8216;Bir G\u00fcnl\u00fck&#8217;  Sergi Konsepti ile T\u00fcrkiye&#8217;de Bir \u0130lke \u0130mza At\u0131yor."},"content":{"rendered":"\n<figure class=\"wp-block-image size-large\"><img loading=\"lazy\" decoding=\"async\" width=\"1024\" height=\"814\" src=\"data:image\/gif;base64,R0lGODlhAQABAAAAACH5BAEKAAEALAAAAAABAAEAAAICTAEAOw==\" data-src=\"https:\/\/popartlifedergi.com\/wp-content\/uploads\/2024\/09\/1726824080_S__ahin_Paksoy_80x100_TUYB_2023-1024x814.jpg\" alt=\"\" class=\"wp-image-1061 lazyload\" data-sizes=\"auto\" data-srcset=\"https:\/\/popartlifedergi.com\/wp-content\/uploads\/2024\/09\/1726824080_S__ahin_Paksoy_80x100_TUYB_2023-1024x814.jpg 1024w, https:\/\/popartlifedergi.com\/wp-content\/uploads\/2024\/09\/1726824080_S__ahin_Paksoy_80x100_TUYB_2023-300x239.jpg 300w, https:\/\/popartlifedergi.com\/wp-content\/uploads\/2024\/09\/1726824080_S__ahin_Paksoy_80x100_TUYB_2023-768x611.jpg 768w, https:\/\/popartlifedergi.com\/wp-content\/uploads\/2024\/09\/1726824080_S__ahin_Paksoy_80x100_TUYB_2023-450x358.jpg 450w, https:\/\/popartlifedergi.com\/wp-content\/uploads\/2024\/09\/1726824080_S__ahin_Paksoy_80x100_TUYB_2023-225x179.jpg 225w, https:\/\/popartlifedergi.com\/wp-content\/uploads\/2024\/09\/1726824080_S__ahin_Paksoy_80x100_TUYB_2023-900x716.jpg 900w, https:\/\/popartlifedergi.com\/wp-content\/uploads\/2024\/09\/1726824080_S__ahin_Paksoy_80x100_TUYB_2023-1350x1074.jpg 1350w, https:\/\/popartlifedergi.com\/wp-content\/uploads\/2024\/09\/1726824080_S__ahin_Paksoy_80x100_TUYB_2023-20x15.jpg 20w, https:\/\/popartlifedergi.com\/wp-content\/uploads\/2024\/09\/1726824080_S__ahin_Paksoy_80x100_TUYB_2023-121x96.jpg 121w, https:\/\/popartlifedergi.com\/wp-content\/uploads\/2024\/09\/1726824080_S__ahin_Paksoy_80x100_TUYB_2023.jpg 1500w\" sizes=\"auto, (max-width: 1024px) 100vw, 1024px\" \/><\/figure>\n\n\n\n<p>\u0130\u015f insan\u0131 ve gen\u00e7 koleksiyonerden, Ayta\u00e7 Ate\u015f, Mehmet Ali Ertek ve Adil Zehir  taraf\u0131ndan a\u00e7\u0131lacak olan sanat\u0131n yeni adresi \u0130mza Sanat Galerisi, &#8216;Bir G\u00fcnl\u00fck &#8216; \u00f6zel sergi konsepti ile 9 usta sanat\u00e7\u0131y\u0131  sanatseverler  ile sanatseverler ile bulu\u015fturarak, Anadolu Yakas\u0131&#8217;n\u0131n k\u00fclt\u00fcrel bulu\u015fma noktalar\u0131ndan biri olmay\u0131 hedefliyor.<\/p>\n\n\n\n<figure class=\"wp-block-image size-large\"><img loading=\"lazy\" decoding=\"async\" width=\"755\" height=\"1024\" src=\"data:image\/gif;base64,R0lGODlhAQABAAAAACH5BAEKAAEALAAAAAABAAEAAAICTAEAOw==\" data-src=\"https:\/\/popartlifedergi.com\/wp-content\/uploads\/2024\/09\/1726824061_Ahmet_Yes__il_TU__YB_70x50_2024-755x1024.jpg\" alt=\"\" class=\"wp-image-1062 lazyload\" data-sizes=\"auto\" data-srcset=\"https:\/\/popartlifedergi.com\/wp-content\/uploads\/2024\/09\/1726824061_Ahmet_Yes__il_TU__YB_70x50_2024-755x1024.jpg 755w, https:\/\/popartlifedergi.com\/wp-content\/uploads\/2024\/09\/1726824061_Ahmet_Yes__il_TU__YB_70x50_2024-221x300.jpg 221w, https:\/\/popartlifedergi.com\/wp-content\/uploads\/2024\/09\/1726824061_Ahmet_Yes__il_TU__YB_70x50_2024-768x1042.jpg 768w, https:\/\/popartlifedergi.com\/wp-content\/uploads\/2024\/09\/1726824061_Ahmet_Yes__il_TU__YB_70x50_2024-1132x1536.jpg 1132w, https:\/\/popartlifedergi.com\/wp-content\/uploads\/2024\/09\/1726824061_Ahmet_Yes__il_TU__YB_70x50_2024-1509x2048.jpg 1509w, https:\/\/popartlifedergi.com\/wp-content\/uploads\/2024\/09\/1726824061_Ahmet_Yes__il_TU__YB_70x50_2024-450x611.jpg 450w, https:\/\/popartlifedergi.com\/wp-content\/uploads\/2024\/09\/1726824061_Ahmet_Yes__il_TU__YB_70x50_2024-20x27.jpg 20w, https:\/\/popartlifedergi.com\/wp-content\/uploads\/2024\/09\/1726824061_Ahmet_Yes__il_TU__YB_70x50_2024-225x305.jpg 225w, https:\/\/popartlifedergi.com\/wp-content\/uploads\/2024\/09\/1726824061_Ahmet_Yes__il_TU__YB_70x50_2024-900x1221.jpg 900w, https:\/\/popartlifedergi.com\/wp-content\/uploads\/2024\/09\/1726824061_Ahmet_Yes__il_TU__YB_70x50_2024-1350x1832.jpg 1350w, https:\/\/popartlifedergi.com\/wp-content\/uploads\/2024\/09\/1726824061_Ahmet_Yes__il_TU__YB_70x50_2024-71x96.jpg 71w, https:\/\/popartlifedergi.com\/wp-content\/uploads\/2024\/09\/1726824061_Ahmet_Yes__il_TU__YB_70x50_2024-scaled.jpg 1887w\" sizes=\"auto, (max-width: 755px) 100vw, 755px\" \/><\/figure>\n\n\n\n<p>Anadolu Yakas\u0131&#8217;nda Ko\u015fuyolu&#8217;nda a\u00e7\u0131lacak olan \u0130mza Sanat Galerisi bir ilke imza atarken, T\u00fcrkiye&#8217;nin resim ve foto\u011fraf sanat\u0131n\u0131n ya\u015fayan en \u00f6nemli sanat\u00e7\u0131lar\u0131ndan Resul Aytem\u00fcr, Ahmet Ye\u015fil, \u015eahin Paksoy, Fevzi Karako\u00e7,Mahir G\u00fcven, Yal\u00e7\u0131n G\u00f6k\u00e7eba\u011f, \u00c7erkes Karada\u011f, G\u00fcrb\u00fcz Do\u011fan Ek\u015fio\u011flu, Veysel G\u00fcnay&#8217;\u0131n eserlerinden olu\u015fan17 se\u00e7ki ile 28 Eyl\u00fcl Cumartesi sanatseverlere kap\u0131lar\u0131n\u0131 a\u00e7\u0131yor.Ve ayn\u0131 g\u00fcn i\u00e7inde sergi sona erecek.<\/p>\n","protected":false},"excerpt":{"rendered":"<p>\u0130\u015f insan\u0131 ve gen\u00e7 koleksiyonerden, Ayta\u00e7 Ate\u015f, Mehmet Ali Ertek ve Adil Zehir taraf\u0131ndan a\u00e7\u0131lacak olan sanat\u0131n yeni adresi \u0130mza Sanat Galerisi, &#8216;Bir G\u00fcnl\u00fck &#8216; \u00f6zel sergi konsepti ile 9 usta sanat\u00e7\u0131y\u0131 sanatseverler ile sanatseverler ile bulu\u015fturarak, Anadolu Yakas\u0131&#8217;n\u0131n k\u00fclt\u00fcrel bulu\u015fma noktalar\u0131ndan biri olmay\u0131 hedefliyor. Anadolu Yakas\u0131&#8217;nda Ko\u015fuyolu&#8217;nda a\u00e7\u0131lacak olan \u0130mza Sanat Galerisi bir ilke&hellip;<\/p>\n","protected":false},"author":1,"featured_media":1060,"comment_status":"open","ping_status":"open","sticky":true,"template":"","format":"standard","meta":{"spay_email":"","footnotes":""},"categories":[16],"tags":[],"thb-sponsors":[],"class_list":["post-1059","post","type-post","status-publish","format-standard","has-post-thumbnail","hentry","category-kesfet"],"jetpack_featured_media_url":"https:\/\/popartlifedergi.com\/wp-content\/uploads\/2024\/09\/1726824088_Yalc____n_Go__kc__ebag___60x80_TUYB_2024-scaled.jpg","_links":{"self":[{"href":"https:\/\/popartlifedergi.com\/index.php\/wp-json\/wp\/v2\/posts\/1059","targetHints":{"allow":["GET"]}}],"collection":[{"href":"https:\/\/popartlifedergi.com\/index.php\/wp-json\/wp\/v2\/posts"}],"about":[{"href":"https:\/\/popartlifedergi.com\/index.php\/wp-json\/wp\/v2\/types\/post"}],"author":[{"embeddable":true,"href":"https:\/\/popartlifedergi.com\/index.php\/wp-json\/wp\/v2\/users\/1"}],"replies":[{"embeddable":true,"href":"https:\/\/popartlifedergi.com\/index.php\/wp-json\/wp\/v2\/comments?post=1059"}],"version-history":[{"count":1,"href":"https:\/\/popartlifedergi.com\/index.php\/wp-json\/wp\/v2\/posts\/1059\/revisions"}],"predecessor-version":[{"id":1063,"href":"https:\/\/popartlifedergi.com\/index.php\/wp-json\/wp\/v2\/posts\/1059\/revisions\/1063"}],"wp:featuredmedia":[{"embeddable":true,"href":"https:\/\/popartlifedergi.com\/index.php\/wp-json\/wp\/v2\/media\/1060"}],"wp:attachment":[{"href":"https:\/\/popartlifedergi.com\/index.php\/wp-json\/wp\/v2\/media?parent=1059"}],"wp:term":[{"taxonomy":"category","embeddable":true,"href":"https:\/\/popartlifedergi.com\/index.php\/wp-json\/wp\/v2\/categories?post=1059"},{"taxonomy":"post_tag","embeddable":true,"href":"https:\/\/popartlifedergi.com\/index.php\/wp-json\/wp\/v2\/tags?post=1059"},{"taxonomy":"thb-sponsors","embeddable":true,"href":"https:\/\/popartlifedergi.com\/index.php\/wp-json\/wp\/v2\/thb-sponsors?post=1059"}],"curies":[{"name":"wp","href":"https:\/\/api.w.org\/{rel}","templated":true}]}}