{"id":1090,"date":"2024-12-04T16:14:39","date_gmt":"2024-12-04T16:14:39","guid":{"rendered":"https:\/\/popartlifedergi.com\/?p=1090"},"modified":"2024-12-04T16:14:39","modified_gmt":"2024-12-04T16:14:39","slug":"eglence-anlayisina-yeni-bir-soluk-getirecek-pasaj-istanbulun-kalbinde-yer-alan-atasehir-watergardenda-acildi","status":"publish","type":"post","link":"https:\/\/popartlifedergi.com\/index.php\/2024\/12\/04\/eglence-anlayisina-yeni-bir-soluk-getirecek-pasaj-istanbulun-kalbinde-yer-alan-atasehir-watergardenda-acildi\/","title":{"rendered":"E\u011flence Anlay\u0131\u015f\u0131na Yeni Bir Soluk Getirecek &#8216;Pasaj&#8217; \u0130stanbul&#8217;un Kalbinde Yer Alan Ata\u015fehir Watergarden&#8217;da A\u00e7\u0131ld\u0131"},"content":{"rendered":"\n<figure class=\"wp-block-image size-large\"><img loading=\"lazy\" decoding=\"async\" width=\"683\" height=\"1024\" src=\"data:image\/gif;base64,R0lGODlhAQABAAAAACH5BAEKAAEALAAAAAABAAEAAAICTAEAOw==\" data-src=\"https:\/\/popartlifedergi.com\/wp-content\/uploads\/2024\/12\/1733130643_Pasaj_KupOcakbasi_ParleMarine_Nord_Atasehir_Watergarden.jpg_6-683x1024.jpg\" alt=\"\" class=\"wp-image-1091 lazyload\" data-sizes=\"auto\" data-srcset=\"https:\/\/popartlifedergi.com\/wp-content\/uploads\/2024\/12\/1733130643_Pasaj_KupOcakbasi_ParleMarine_Nord_Atasehir_Watergarden.jpg_6-683x1024.jpg 683w, https:\/\/popartlifedergi.com\/wp-content\/uploads\/2024\/12\/1733130643_Pasaj_KupOcakbasi_ParleMarine_Nord_Atasehir_Watergarden.jpg_6-200x300.jpg 200w, https:\/\/popartlifedergi.com\/wp-content\/uploads\/2024\/12\/1733130643_Pasaj_KupOcakbasi_ParleMarine_Nord_Atasehir_Watergarden.jpg_6-768x1152.jpg 768w, https:\/\/popartlifedergi.com\/wp-content\/uploads\/2024\/12\/1733130643_Pasaj_KupOcakbasi_ParleMarine_Nord_Atasehir_Watergarden.jpg_6-1024x1536.jpg 1024w, https:\/\/popartlifedergi.com\/wp-content\/uploads\/2024\/12\/1733130643_Pasaj_KupOcakbasi_ParleMarine_Nord_Atasehir_Watergarden.jpg_6-1365x2048.jpg 1365w, https:\/\/popartlifedergi.com\/wp-content\/uploads\/2024\/12\/1733130643_Pasaj_KupOcakbasi_ParleMarine_Nord_Atasehir_Watergarden.jpg_6-450x675.jpg 450w, https:\/\/popartlifedergi.com\/wp-content\/uploads\/2024\/12\/1733130643_Pasaj_KupOcakbasi_ParleMarine_Nord_Atasehir_Watergarden.jpg_6-225x338.jpg 225w, https:\/\/popartlifedergi.com\/wp-content\/uploads\/2024\/12\/1733130643_Pasaj_KupOcakbasi_ParleMarine_Nord_Atasehir_Watergarden.jpg_6-900x1350.jpg 900w, https:\/\/popartlifedergi.com\/wp-content\/uploads\/2024\/12\/1733130643_Pasaj_KupOcakbasi_ParleMarine_Nord_Atasehir_Watergarden.jpg_6-1350x2025.jpg 1350w, https:\/\/popartlifedergi.com\/wp-content\/uploads\/2024\/12\/1733130643_Pasaj_KupOcakbasi_ParleMarine_Nord_Atasehir_Watergarden.jpg_6-20x30.jpg 20w, https:\/\/popartlifedergi.com\/wp-content\/uploads\/2024\/12\/1733130643_Pasaj_KupOcakbasi_ParleMarine_Nord_Atasehir_Watergarden.jpg_6-64x96.jpg 64w, https:\/\/popartlifedergi.com\/wp-content\/uploads\/2024\/12\/1733130643_Pasaj_KupOcakbasi_ParleMarine_Nord_Atasehir_Watergarden.jpg_6-scaled.jpg 1707w\" sizes=\"auto, (max-width: 683px) 100vw, 683px\" \/><\/figure>\n\n\n\n<p><\/p>\n\n\n\n<p><\/p>\n\n\n\n<p>GASTRONOM\u0130 CENNET\u0130 <strong>\u201cPASAJ\u201c,<\/strong>&nbsp; <strong>PARLA MARINE, K\u00dcP OCAKBA\u015eI, NORD BRASSERIE<\/strong>, 3 FARKLI&nbsp; KONSEPT DENEY\u0130M\u0130<strong> <\/strong>\u0130LE &nbsp;&nbsp; Aral\u0131k ay\u0131ndan itibaren hizmete a\u00e7\u0131l\u0131yor.&nbsp; E\u015fsiz tatlar\u0131n ve her damak tad\u0131na uygun farkl\u0131 se\u00e7eneklerin yer ald\u0131\u011f\u0131 3 ayr\u0131 konsepti ile, \u00fcnl\u00fc Chef Murat Bozok\u2019un tecr\u00fcbesi, bilgisi ve koordinat\u00f6rl\u00fc\u011f\u00fcnde a\u00e7\u0131lan \u201cPASAJ\u201d, Anadolu yakas\u0131na yeni bir heyecan getirecek. Murat Bozok\u2019un, men\u00fcn\u00fcn ve mekan\u0131n t\u00fcm detaylar\u0131na katk\u0131 sa\u011flad\u0131\u011f\u0131 gastronomi cenneti mekan, keyifli sohbetlerle b\u00fct\u00fcnle\u015ferek mekan\u0131n ruhuna uygun m\u00fczikleri, sahne performanslar\u0131 ve leziz yemekleriyle m\u00fc\u015fterilerini a\u011f\u0131rlayacak. \u00d6\u011flen yemek servisi de sunan mekanda i\u015f insanlar\u0131 i\u00e7in farkl\u0131 men\u00fcler de bulunmakta.&nbsp;&nbsp;<\/p>\n\n\n\n<p>Yeme\u011fi sanata d\u00f6n\u00fc\u015ft\u00fcren,\u00a0 birbirinden \u00f6zg\u00fcn, farkl\u0131\u00a0 lezzet se\u00e7eneklerinin yer ald\u0131\u011f\u0131 \u201cPASAJ\u201d, Aral\u0131k ay\u0131ndan itibaren\u00a0 (PARLA MARINE, K\u00dcP OCAKBA\u015eI ve NORD BRASSERIE),\u00a0 kurucular\u0131 <strong>Melih ODABA\u015eI, Hulusi T\u0130REL\u0130O\u011eLU ve Mehmet Can ARPACI<\/strong> e\u015fli\u011finde lezzet tutkunlar\u0131n\u0131n<strong> <\/strong>Anadolu yakas\u0131nda<strong> <\/strong>ki bulu\u015fma yeri olmay\u0131 hedefliyor.\u00a0 Ayr\u0131ca T\u00fcm soka\u011f\u0131n men\u00fcleri, <strong>Chef Murat BOZOK <\/strong>koordinat\u00f6rl\u00fc\u011f\u00fcnde y\u0131llard\u0131r kendi deneyimlerini harmanlayarak olu\u015fturduklar\u0131 lezzetlerden olu\u015fuyor.\u00a0\u00a0<\/p>\n\n\n\n<p>\u00a0<\/p>\n\n\n\n<figure class=\"wp-block-image size-large\"><img loading=\"lazy\" decoding=\"async\" width=\"683\" height=\"1024\" src=\"data:image\/gif;base64,R0lGODlhAQABAAAAACH5BAEKAAEALAAAAAABAAEAAAICTAEAOw==\" data-src=\"https:\/\/popartlifedergi.com\/wp-content\/uploads\/2024\/12\/1733130640_Pasaj_KupOcakbasi_ParleMarine_Nord_Atasehir_Watergarden.jpg_4-683x1024.jpg\" alt=\"\" class=\"wp-image-1092 lazyload\" data-sizes=\"auto\" data-srcset=\"https:\/\/popartlifedergi.com\/wp-content\/uploads\/2024\/12\/1733130640_Pasaj_KupOcakbasi_ParleMarine_Nord_Atasehir_Watergarden.jpg_4-683x1024.jpg 683w, https:\/\/popartlifedergi.com\/wp-content\/uploads\/2024\/12\/1733130640_Pasaj_KupOcakbasi_ParleMarine_Nord_Atasehir_Watergarden.jpg_4-200x300.jpg 200w, https:\/\/popartlifedergi.com\/wp-content\/uploads\/2024\/12\/1733130640_Pasaj_KupOcakbasi_ParleMarine_Nord_Atasehir_Watergarden.jpg_4-768x1152.jpg 768w, https:\/\/popartlifedergi.com\/wp-content\/uploads\/2024\/12\/1733130640_Pasaj_KupOcakbasi_ParleMarine_Nord_Atasehir_Watergarden.jpg_4-1024x1536.jpg 1024w, https:\/\/popartlifedergi.com\/wp-content\/uploads\/2024\/12\/1733130640_Pasaj_KupOcakbasi_ParleMarine_Nord_Atasehir_Watergarden.jpg_4-1365x2048.jpg 1365w, https:\/\/popartlifedergi.com\/wp-content\/uploads\/2024\/12\/1733130640_Pasaj_KupOcakbasi_ParleMarine_Nord_Atasehir_Watergarden.jpg_4-450x675.jpg 450w, https:\/\/popartlifedergi.com\/wp-content\/uploads\/2024\/12\/1733130640_Pasaj_KupOcakbasi_ParleMarine_Nord_Atasehir_Watergarden.jpg_4-225x338.jpg 225w, https:\/\/popartlifedergi.com\/wp-content\/uploads\/2024\/12\/1733130640_Pasaj_KupOcakbasi_ParleMarine_Nord_Atasehir_Watergarden.jpg_4-900x1350.jpg 900w, https:\/\/popartlifedergi.com\/wp-content\/uploads\/2024\/12\/1733130640_Pasaj_KupOcakbasi_ParleMarine_Nord_Atasehir_Watergarden.jpg_4-1350x2025.jpg 1350w, https:\/\/popartlifedergi.com\/wp-content\/uploads\/2024\/12\/1733130640_Pasaj_KupOcakbasi_ParleMarine_Nord_Atasehir_Watergarden.jpg_4-20x30.jpg 20w, https:\/\/popartlifedergi.com\/wp-content\/uploads\/2024\/12\/1733130640_Pasaj_KupOcakbasi_ParleMarine_Nord_Atasehir_Watergarden.jpg_4-64x96.jpg 64w, https:\/\/popartlifedergi.com\/wp-content\/uploads\/2024\/12\/1733130640_Pasaj_KupOcakbasi_ParleMarine_Nord_Atasehir_Watergarden.jpg_4-scaled.jpg 1707w\" sizes=\"auto, (max-width: 683px) 100vw, 683px\" \/><\/figure>\n\n\n\n<p>Lezzet tutkunlar\u0131na<strong> 3 FARKLI KONSEPT DENEY\u0130M\u0130&nbsp; <\/strong>ya\u015fatacak&nbsp; <strong>\u201cPASAJ\u201d<\/strong>,&nbsp; gecenin ilerleyen saatlerinde&nbsp; canl\u0131 sahne performanslar\u0131 ile de \u0130stanbul gece hayat\u0131na y\u00f6n verecek.<strong><em>&nbsp;<\/em><\/strong> <strong><em>18 Aral\u0131k\u2019 da \u00f6zel bir konserle VE y\u0131lba\u015f\u0131ndan sonra her Cumartesi Grek m\u00fczi\u011fin \u00f6nemli isimlerinden Yorgo KERT\u0130S sahne alacak.&nbsp; Nord Brasseri de&nbsp; ise&nbsp; 25 Aral\u0131k\u2019 da son y\u0131llar\u0131n gen\u00e7 yetene\u011fi Beng\u00fc BEKER ve&nbsp; y\u0131lba\u015f\u0131ndan sonra Cumartesi ak\u015famlar\u0131&nbsp; b\u00fcy\u00fcleyici sesi ile Zeynep Doruk, y\u0131lba\u015f\u0131 ak\u015fam\u0131nda&nbsp;&nbsp; PASAJ\u2019DA&nbsp; sahnelerin yan\u0131k tenli sanat\u00e7\u0131s\u0131 \u201cFEDON\u201d&nbsp; sahne alacak. Mekan da y\u0131lba\u015f\u0131ndan itibaren her \u00c7ar\u015famba, Cuma ve Cumartesi T\u00fcrkiye\u2019 nin \u00f6nemli sanat\u00e7\u0131lar\u0131 da sahne alacak.&nbsp;<\/em><\/strong>&nbsp;<\/p>\n\n\n\n<p>\u201cPasaj\u201d da&nbsp; ye\u015fillikler i\u00e7inde bah\u00e7esi olan \u201c<strong>PARLA MAR\u0130NE\u201d<\/strong>, yerli ve do\u011fal yeti\u015fme \u00fcr\u00fcnleri sunup i\u015fleyen, \u00f6nce lezzet mottosunu benimsemi\u015f, tamamen rafine bir damak k\u00fclt\u00fcr\u00fc sunan, iddial\u0131 bir bal\u0131k restoran\u0131 olarak hizmet verecek.&nbsp; Soka\u011f\u0131n en \u00f6nemli tadlar\u0131ndan \u201c<strong>K\u00dcP OCAKBA\u015eI\u201d<\/strong> ise,&nbsp; Kebap ve et severlerin ula\u015fmakta zorluk ya\u015fad\u0131\u011f\u0131 kadim Anadolu Mutfa\u011f\u0131 damak lezzetlerini, y\u00f6relerinden tedarik ederek,&nbsp; usul\u00fcne uygun yeti\u015ftirilmi\u015f ve \u00fcretilmi\u015f \u00fcr\u00fcnleri&nbsp; yal\u0131n ve y\u0131llanm\u0131\u015f orijinal re\u00e7etelerle bulu\u015fturarak,&nbsp; moderni kucaklayan ama&nbsp; gelenekselli\u011fi yitirmemi\u015f karakterli bir ocakba\u015f\u0131 olarak \u015fimdiden et severlerin heyecanla bekledi\u011fi bir mekan olarak ad\u0131n\u0131 duyurdu bile.&nbsp;&nbsp;<\/p>\n\n\n\n<figure class=\"wp-block-image size-large\"><img loading=\"lazy\" decoding=\"async\" width=\"683\" height=\"1024\" src=\"data:image\/gif;base64,R0lGODlhAQABAAAAACH5BAEKAAEALAAAAAABAAEAAAICTAEAOw==\" data-src=\"https:\/\/popartlifedergi.com\/wp-content\/uploads\/2024\/12\/1733130638_Pasaj_KupOcakbasi_ParleMarine_Nord_Atasehir_Watergarden.jpg_3-683x1024.jpg\" alt=\"\" class=\"wp-image-1093 lazyload\" data-sizes=\"auto\" data-srcset=\"https:\/\/popartlifedergi.com\/wp-content\/uploads\/2024\/12\/1733130638_Pasaj_KupOcakbasi_ParleMarine_Nord_Atasehir_Watergarden.jpg_3-683x1024.jpg 683w, https:\/\/popartlifedergi.com\/wp-content\/uploads\/2024\/12\/1733130638_Pasaj_KupOcakbasi_ParleMarine_Nord_Atasehir_Watergarden.jpg_3-200x300.jpg 200w, https:\/\/popartlifedergi.com\/wp-content\/uploads\/2024\/12\/1733130638_Pasaj_KupOcakbasi_ParleMarine_Nord_Atasehir_Watergarden.jpg_3-768x1152.jpg 768w, https:\/\/popartlifedergi.com\/wp-content\/uploads\/2024\/12\/1733130638_Pasaj_KupOcakbasi_ParleMarine_Nord_Atasehir_Watergarden.jpg_3-1024x1536.jpg 1024w, https:\/\/popartlifedergi.com\/wp-content\/uploads\/2024\/12\/1733130638_Pasaj_KupOcakbasi_ParleMarine_Nord_Atasehir_Watergarden.jpg_3-1365x2048.jpg 1365w, https:\/\/popartlifedergi.com\/wp-content\/uploads\/2024\/12\/1733130638_Pasaj_KupOcakbasi_ParleMarine_Nord_Atasehir_Watergarden.jpg_3-450x675.jpg 450w, https:\/\/popartlifedergi.com\/wp-content\/uploads\/2024\/12\/1733130638_Pasaj_KupOcakbasi_ParleMarine_Nord_Atasehir_Watergarden.jpg_3-225x338.jpg 225w, https:\/\/popartlifedergi.com\/wp-content\/uploads\/2024\/12\/1733130638_Pasaj_KupOcakbasi_ParleMarine_Nord_Atasehir_Watergarden.jpg_3-900x1350.jpg 900w, https:\/\/popartlifedergi.com\/wp-content\/uploads\/2024\/12\/1733130638_Pasaj_KupOcakbasi_ParleMarine_Nord_Atasehir_Watergarden.jpg_3-1350x2025.jpg 1350w, https:\/\/popartlifedergi.com\/wp-content\/uploads\/2024\/12\/1733130638_Pasaj_KupOcakbasi_ParleMarine_Nord_Atasehir_Watergarden.jpg_3-20x30.jpg 20w, https:\/\/popartlifedergi.com\/wp-content\/uploads\/2024\/12\/1733130638_Pasaj_KupOcakbasi_ParleMarine_Nord_Atasehir_Watergarden.jpg_3-64x96.jpg 64w, https:\/\/popartlifedergi.com\/wp-content\/uploads\/2024\/12\/1733130638_Pasaj_KupOcakbasi_ParleMarine_Nord_Atasehir_Watergarden.jpg_3-scaled.jpg 1707w\" sizes=\"auto, (max-width: 683px) 100vw, 683px\" \/><\/figure>\n\n\n\n<p>Soka\u011f\u0131n giri\u015finde bulunan, gelen konuklar\u0131 renkleri ile kar\u015f\u0131layan \u201c<strong>NORD BRASSERIE\u201d<\/strong>, her zevke hitab eden kokteylleriyle, kendini \u00f6zel hissettiren masaba\u015f\u0131 workshop sunumlar\u0131yla, ger\u00e7ek butik \u00fcretim ve katk\u0131s\u0131z \u015fark\u00fcteri lezzetleri ile&nbsp; damaklara resital ya\u015fatan,&nbsp; g\u00fcn\u00fcn yorgunlu\u011funu unutturan bir Kuzeyli mekan olarak gecenin ilerleyen saatlerinde e\u011flenceli saatler ya\u015fatacak.&nbsp; Canl\u0131 sahne performanslar\u0131 ile de ge\u00e7 saatlere kadar dans edilip, e\u011flenilebilecek bir mekan olacak.&nbsp;&nbsp;&nbsp;&nbsp;<\/p>\n\n\n\n<p>Yepyeni bir mutfak anlay\u0131\u015f\u0131, lezzetli yemek, deneyimli bir ekip, g\u00fclery\u00fczl\u00fc servis, cam bir fanus i\u00e7inde begonvillerle dolu <strong>\u201cPASAJ\u201d,<\/strong>&nbsp;&nbsp; kendine \u00f6zg\u00fcn men\u00fcleri&nbsp; ve s\u0131cak atmosferi ile&nbsp; gastronomi sekt\u00f6r\u00fcnde \u00f6nemli bir yer olmay\u0131 hedefliyor. Chef Murat Bozok\u2019 un tecr\u00fcbesi ile birle\u015fen mekanda, gelen konuklar <strong>Bat\u0131 Ata\u015fehir Watergarden\u2019<\/strong> da, masmavi g\u00f6ky\u00fcz\u00fc ve ye\u015filin bulu\u015ftu\u011fu noktada hem e\u011flence hem birbirinden farkl\u0131 stil lezzetleri bulacaklar. Deneyimli personeli ile Anadolu yakas\u0131n\u0131n vazge\u00e7ilmezi olmay\u0131 hedefleyen mekanda haftan\u0131n bir\u00e7ok ak\u015fam\u0131 canl\u0131 m\u00fczik&nbsp; dinlemeye&nbsp; gelen m\u00fczikseverler harika zaman ge\u00e7irecekler.&nbsp;<\/p>\n\n\n\n<p>Al\u0131\u015f\u0131lm\u0131\u015f\u0131n d\u0131\u015f\u0131nda lezzetleri ile haftan\u0131n her g\u00fcn\u00fc saat 10.00 \u2013 03.00 saatleri aras\u0131nda hizmet veren <strong>\u201cPASAJ<\/strong><strong>\u201d,&nbsp;<\/strong><strong> (PARLA MARINE, K\u00dcP OCAKBA\u015eI, NORD BRASSERIE) <\/strong>\u00f6zel lezzetler sunarak&nbsp; mekana gelen m\u00fc\u015fterilerini harika bir sokakta ferah bir atmosferde a\u011f\u0131rlayacak.&nbsp;&nbsp;<\/p>\n","protected":false},"excerpt":{"rendered":"<p>GASTRONOM\u0130 CENNET\u0130 \u201cPASAJ\u201c,&nbsp; PARLA MARINE, K\u00dcP OCAKBA\u015eI, NORD BRASSERIE, 3 FARKLI&nbsp; KONSEPT DENEY\u0130M\u0130 \u0130LE &nbsp;&nbsp; Aral\u0131k ay\u0131ndan itibaren hizmete a\u00e7\u0131l\u0131yor.&nbsp; E\u015fsiz tatlar\u0131n ve her damak tad\u0131na uygun farkl\u0131 se\u00e7eneklerin yer ald\u0131\u011f\u0131 3 ayr\u0131 konsepti ile, \u00fcnl\u00fc Chef Murat Bozok\u2019un tecr\u00fcbesi, bilgisi ve koordinat\u00f6rl\u00fc\u011f\u00fcnde a\u00e7\u0131lan \u201cPASAJ\u201d, Anadolu yakas\u0131na yeni bir heyecan getirecek. Murat Bozok\u2019un, men\u00fcn\u00fcn ve&hellip;<\/p>\n","protected":false},"author":1,"featured_media":1094,"comment_status":"open","ping_status":"open","sticky":true,"template":"","format":"standard","meta":{"spay_email":"","footnotes":""},"categories":[16],"tags":[],"thb-sponsors":[],"class_list":["post-1090","post","type-post","status-publish","format-standard","has-post-thumbnail","hentry","category-kesfet"],"jetpack_featured_media_url":"https:\/\/popartlifedergi.com\/wp-content\/uploads\/2024\/12\/1733130637_Pasaj_KupOcakbasi_ParleMarine_Nord_Atasehir_Watergarden.jpg_1-scaled.jpg","_links":{"self":[{"href":"https:\/\/popartlifedergi.com\/index.php\/wp-json\/wp\/v2\/posts\/1090","targetHints":{"allow":["GET"]}}],"collection":[{"href":"https:\/\/popartlifedergi.com\/index.php\/wp-json\/wp\/v2\/posts"}],"about":[{"href":"https:\/\/popartlifedergi.com\/index.php\/wp-json\/wp\/v2\/types\/post"}],"author":[{"embeddable":true,"href":"https:\/\/popartlifedergi.com\/index.php\/wp-json\/wp\/v2\/users\/1"}],"replies":[{"embeddable":true,"href":"https:\/\/popartlifedergi.com\/index.php\/wp-json\/wp\/v2\/comments?post=1090"}],"version-history":[{"count":1,"href":"https:\/\/popartlifedergi.com\/index.php\/wp-json\/wp\/v2\/posts\/1090\/revisions"}],"predecessor-version":[{"id":1095,"href":"https:\/\/popartlifedergi.com\/index.php\/wp-json\/wp\/v2\/posts\/1090\/revisions\/1095"}],"wp:featuredmedia":[{"embeddable":true,"href":"https:\/\/popartlifedergi.com\/index.php\/wp-json\/wp\/v2\/media\/1094"}],"wp:attachment":[{"href":"https:\/\/popartlifedergi.com\/index.php\/wp-json\/wp\/v2\/media?parent=1090"}],"wp:term":[{"taxonomy":"category","embeddable":true,"href":"https:\/\/popartlifedergi.com\/index.php\/wp-json\/wp\/v2\/categories?post=1090"},{"taxonomy":"post_tag","embeddable":true,"href":"https:\/\/popartlifedergi.com\/index.php\/wp-json\/wp\/v2\/tags?post=1090"},{"taxonomy":"thb-sponsors","embeddable":true,"href":"https:\/\/popartlifedergi.com\/index.php\/wp-json\/wp\/v2\/thb-sponsors?post=1090"}],"curies":[{"name":"wp","href":"https:\/\/api.w.org\/{rel}","templated":true}]}}