{"id":1123,"date":"2025-03-06T06:57:05","date_gmt":"2025-03-06T06:57:05","guid":{"rendered":"https:\/\/popartlifedergi.com\/?p=1123"},"modified":"2025-03-06T06:57:15","modified_gmt":"2025-03-06T06:57:15","slug":"tayf-uluslararasi-kisa-film-festivali-basin-ile-bulustu","status":"publish","type":"post","link":"https:\/\/popartlifedergi.com\/index.php\/2025\/03\/06\/tayf-uluslararasi-kisa-film-festivali-basin-ile-bulustu\/","title":{"rendered":"Tayf Uluslararas\u0131 K\u0131sa Film Festivali Bas\u0131n \u0130le Bulu\u015ftu"},"content":{"rendered":"\n<figure class=\"wp-block-image size-large\"><img loading=\"lazy\" decoding=\"async\" width=\"1024\" height=\"683\" src=\"data:image\/gif;base64,R0lGODlhAQABAAAAACH5BAEKAAEALAAAAAABAAEAAAICTAEAOw==\" data-src=\"https:\/\/popartlifedergi.com\/wp-content\/uploads\/2025\/03\/tayf_juri-494-1024x683.jpg\" alt=\"\" class=\"wp-image-1124 lazyload\" data-sizes=\"auto\" data-srcset=\"https:\/\/popartlifedergi.com\/wp-content\/uploads\/2025\/03\/tayf_juri-494-1024x683.jpg 1024w, https:\/\/popartlifedergi.com\/wp-content\/uploads\/2025\/03\/tayf_juri-494-300x200.jpg 300w, https:\/\/popartlifedergi.com\/wp-content\/uploads\/2025\/03\/tayf_juri-494-768x512.jpg 768w, https:\/\/popartlifedergi.com\/wp-content\/uploads\/2025\/03\/tayf_juri-494-1536x1024.jpg 1536w, https:\/\/popartlifedergi.com\/wp-content\/uploads\/2025\/03\/tayf_juri-494-2048x1365.jpg 2048w, https:\/\/popartlifedergi.com\/wp-content\/uploads\/2025\/03\/tayf_juri-494-450x300.jpg 450w, https:\/\/popartlifedergi.com\/wp-content\/uploads\/2025\/03\/tayf_juri-494-225x150.jpg 225w, https:\/\/popartlifedergi.com\/wp-content\/uploads\/2025\/03\/tayf_juri-494-900x600.jpg 900w, https:\/\/popartlifedergi.com\/wp-content\/uploads\/2025\/03\/tayf_juri-494-1350x900.jpg 1350w, https:\/\/popartlifedergi.com\/wp-content\/uploads\/2025\/03\/tayf_juri-494-20x13.jpg 20w, https:\/\/popartlifedergi.com\/wp-content\/uploads\/2025\/03\/tayf_juri-494-144x96.jpg 144w\" sizes=\"auto, (max-width: 1024px) 100vw, 1024px\" \/><\/figure>\n\n\n\n<p><strong>TAYF ULUSLARARASI KISA F\u0130LM FEST\u0130VAL\u0130N\u0130N DETAYLARI VE DE\u011eERLEND\u0130RME S\u00dcREC\u0130 BASIN \u0130LE PAYLA\u015eILDI<\/strong>&nbsp;<\/p>\n\n\n\n<p>T.C. K\u00fclt\u00fcr ve Turizm Bakanl\u0131\u011f\u0131 ve \u0130stanbul Topkap\u0131 \u00dcniversitesi\u2019nin deste\u011fiyle ger\u00e7ekle\u015ftirilen TAYF Uluslararas\u0131 K\u0131sa Film Festivali\u2019nin j\u00fcri \u00fcyeleri, festival y\u00f6netimi ve organizasyon ekibi, <strong>Ni\u015fanta\u015f\u0131 Develi ev sahipli\u011finde d\u00fczenlenen \u00f6zel bir bas\u0131n toplant\u0131s\u0131nda bir araya geldi<\/strong>. Sinema sanat\u0131na adanm\u0131\u015f bu anlaml\u0131 bulu\u015fmada, <strong>festival kapsam\u0131nda de\u011ferlendirilecek filmler, j\u00fcri s\u00fcrecinin detaylar\u0131 ve festivalin genel \u00e7er\u00e7evesi \u00fczerine \u00f6nemli a\u00e7\u0131klamalar yap\u0131ld\u0131<\/strong>.&nbsp;&nbsp;<\/p>\n\n\n\n<p><\/p>\n\n\n\n<figure class=\"wp-block-image size-large\"><img loading=\"lazy\" decoding=\"async\" width=\"581\" height=\"1024\" src=\"data:image\/gif;base64,R0lGODlhAQABAAAAACH5BAEKAAEALAAAAAABAAEAAAICTAEAOw==\" data-src=\"https:\/\/popartlifedergi.com\/wp-content\/uploads\/2025\/03\/photo-581x1024.jpg\" alt=\"\" class=\"wp-image-1125 lazyload\" data-sizes=\"auto\" data-srcset=\"https:\/\/popartlifedergi.com\/wp-content\/uploads\/2025\/03\/photo-581x1024.jpg 581w, https:\/\/popartlifedergi.com\/wp-content\/uploads\/2025\/03\/photo-170x300.jpg 170w, https:\/\/popartlifedergi.com\/wp-content\/uploads\/2025\/03\/photo-450x793.jpg 450w, https:\/\/popartlifedergi.com\/wp-content\/uploads\/2025\/03\/photo-225x397.jpg 225w, https:\/\/popartlifedergi.com\/wp-content\/uploads\/2025\/03\/photo-20x35.jpg 20w, https:\/\/popartlifedergi.com\/wp-content\/uploads\/2025\/03\/photo-54x96.jpg 54w, https:\/\/popartlifedergi.com\/wp-content\/uploads\/2025\/03\/photo.jpg 726w\" sizes=\"auto, (max-width: 581px) 100vw, 581px\" \/><\/figure>\n\n\n\n<p><strong>Bas\u0131n toplant\u0131s\u0131na<\/strong> festival ba\u015fkan\u0131 \u0130stanbul Topkap\u0131 \u00dcniversitesi Rekt\u00f6r\u00fc <strong>Prof. Dr. Emre Alkin<\/strong>, festival direkt\u00f6r\u00fc \u0130stanbul Topkap\u0131 \u00dcniversitesi \u00f6\u011fretim \u00fcyesi <strong>Do\u00e7. Dr. Nagihan \u00c7akar<\/strong> ve juri \u00fcyeleri kat\u0131ld\u0131. Toplant\u0131da, <strong>Do\u00e7 Dr. Nagihan \u00c7akar<\/strong> yapt\u0131\u011f\u0131 a\u00e7\u0131klamada ulusal ve uluslararas\u0131 kategorilerde bir\u00e7ok ba\u015fvuru ald\u0131klar\u0131n\u0131 ve festivalin d\u00f6rd\u00fcnc\u00fc y\u0131l\u0131nda yine g\u00fc\u00e7l\u00fc bir se\u00e7kiyle sinemaseverlerin kar\u015f\u0131s\u0131na \u00e7\u0131kt\u0131klar\u0131n\u0131 vurgulayarak festival kapsam\u0131nda sineman\u0131n de\u011fi\u015fen dinamiklerini konu\u015faca\u011f\u0131m\u0131z paneller, at\u00f6lyeler ve s\u00f6yle\u015filer d\u00fczenlenece\u011fini, bu y\u0131l \u00f6zellikle yapay zek\u00e2 ve sinema gibi yenilik\u00e7i konulara da yer verilece\u011fini a\u00e7\u0131klad\u0131. <strong>\u00c7akar <\/strong>ayr\u0131ca <em>\u201cAmac\u0131m\u0131z, Tayf\u2019\u0131 her y\u0131l daha da b\u00fcy\u00fcterek uluslararas\u0131 alanda g\u00fc\u00e7l\u00fc bir marka haline getirmek. Sinema s\u00fcrekli de\u011fi\u015fen bir sanat dal\u0131, biz de bu de\u011fi\u015fime ayak uydurarak yenilik\u00e7i ad\u0131mlar atmaya devam edece\u011fiz. T\u00fcm sinemaseverleri, gen\u00e7 yetenekleri ve sekt\u00f6r profesyonellerini festivalimize davet ediyoruz!\u201d<\/em> diyerek festivalin amac\u0131n\u0131 bir kez daha ortaya koydu.&nbsp;&nbsp;<\/p>\n\n\n\n<figure class=\"wp-block-image size-large\"><img loading=\"lazy\" decoding=\"async\" width=\"582\" height=\"1024\" src=\"data:image\/gif;base64,R0lGODlhAQABAAAAACH5BAEKAAEALAAAAAABAAEAAAICTAEAOw==\" data-src=\"https:\/\/popartlifedergi.com\/wp-content\/uploads\/2025\/03\/IMG_9659-582x1024.jpg\" alt=\"\" class=\"wp-image-1126 lazyload\" data-sizes=\"auto\" data-srcset=\"https:\/\/popartlifedergi.com\/wp-content\/uploads\/2025\/03\/IMG_9659-582x1024.jpg 582w, https:\/\/popartlifedergi.com\/wp-content\/uploads\/2025\/03\/IMG_9659-170x300.jpg 170w, https:\/\/popartlifedergi.com\/wp-content\/uploads\/2025\/03\/IMG_9659-450x792.jpg 450w, https:\/\/popartlifedergi.com\/wp-content\/uploads\/2025\/03\/IMG_9659-225x396.jpg 225w, https:\/\/popartlifedergi.com\/wp-content\/uploads\/2025\/03\/IMG_9659-20x35.jpg 20w, https:\/\/popartlifedergi.com\/wp-content\/uploads\/2025\/03\/IMG_9659-55x96.jpg 55w, https:\/\/popartlifedergi.com\/wp-content\/uploads\/2025\/03\/IMG_9659.jpg 727w\" sizes=\"auto, (max-width: 582px) 100vw, 582px\" \/><\/figure>\n\n\n\n<figure class=\"wp-block-image size-large\"><img loading=\"lazy\" decoding=\"async\" width=\"1024\" height=\"683\" src=\"data:image\/gif;base64,R0lGODlhAQABAAAAACH5BAEKAAEALAAAAAABAAEAAAICTAEAOw==\" data-src=\"https:\/\/popartlifedergi.com\/wp-content\/uploads\/2025\/03\/IMG_9604-1024x683.jpg\" alt=\"\" class=\"wp-image-1127 lazyload\" data-sizes=\"auto\" data-srcset=\"https:\/\/popartlifedergi.com\/wp-content\/uploads\/2025\/03\/IMG_9604-1024x683.jpg 1024w, https:\/\/popartlifedergi.com\/wp-content\/uploads\/2025\/03\/IMG_9604-300x200.jpg 300w, https:\/\/popartlifedergi.com\/wp-content\/uploads\/2025\/03\/IMG_9604-768x512.jpg 768w, https:\/\/popartlifedergi.com\/wp-content\/uploads\/2025\/03\/IMG_9604-1536x1024.jpg 1536w, https:\/\/popartlifedergi.com\/wp-content\/uploads\/2025\/03\/IMG_9604-2048x1365.jpg 2048w, https:\/\/popartlifedergi.com\/wp-content\/uploads\/2025\/03\/IMG_9604-450x300.jpg 450w, https:\/\/popartlifedergi.com\/wp-content\/uploads\/2025\/03\/IMG_9604-225x150.jpg 225w, https:\/\/popartlifedergi.com\/wp-content\/uploads\/2025\/03\/IMG_9604-900x600.jpg 900w, https:\/\/popartlifedergi.com\/wp-content\/uploads\/2025\/03\/IMG_9604-1350x900.jpg 1350w, https:\/\/popartlifedergi.com\/wp-content\/uploads\/2025\/03\/IMG_9604-20x13.jpg 20w, https:\/\/popartlifedergi.com\/wp-content\/uploads\/2025\/03\/IMG_9604-144x96.jpg 144w\" sizes=\"auto, (max-width: 1024px) 100vw, 1024px\" \/><\/figure>\n\n\n\n<p>Sinema sanat\u0131n\u0131n \u00f6zg\u00fcn renklerini yans\u0131tmay\u0131 hedefleyen TAYF Uluslararas\u0131 K\u0131sa Film Festivali, <strong>sinema sanat\u0131n\u0131 destekleyen ve gen\u00e7 yeteneklere alan a\u00e7an g\u00fc\u00e7l\u00fc bir platform<\/strong> olma vizyonunu s\u00fcrd\u00fcr\u00fcyor. <strong>Festivalin j\u00fcri \u00fcyeleri ve organizasyon ekibi, titiz se\u00e7im s\u00fcreciyle sineman\u0131n \u00f6zg\u00fcn ve yenilik\u00e7i y\u00fczlerini seyirciyle bulu\u015fturmay\u0131 ama\u00e7l\u0131yor.<\/strong>&nbsp;<\/p>\n\n\n\n<p>Tayf Uluslararas\u0131 K\u0131sa Film Festivali j\u00fcri ba\u015fkanl\u0131\u011f\u0131n\u0131 Y\u00f6netmen- Gazeteci Nebil \u00d6zgent\u00fcrk \u00fcstlenirken, Ana j\u00fcri \u00fcyeleri aras\u0131nda Oyuncu Caner Cindoruk, Sinema Yazar\u0131-Akademisyen Bar\u0131\u015f Saydam, Oyuncu Nazan Kesal, Belgesel Yap\u0131mc\u0131s\u0131- Reklam Y\u00f6netmeni Ahmet Utlu, K\u00f6\u015fe Yazar\u0131 \u0130hsan Y\u0131lmaz, Gazeteci Mukaddes Kaya, Senarist Arda Ek\u015figil yer al\u0131yor.TAYF Uluslararas\u0131 K\u0131sa Film Festivali, j\u00fcri \u00fcyelerinin geni\u015f perspektifi ve uzmanl\u0131\u011f\u0131yla, kat\u0131l\u0131mc\u0131 filmlerin en adil ve titiz \u015fekilde de\u011ferlendirilmesini sa\u011flamay\u0131 hedefliyor. <strong>TAYF, 24-26 Nisan 2025 tarihleri aras\u0131nda sinemaseverleri bekleyen dopdolu bir programla unutulmaz bir festival deneyimi sunmaya haz\u0131rlan\u0131yor.<\/strong>&nbsp;<\/p>\n","protected":false},"excerpt":{"rendered":"<p>TAYF ULUSLARARASI KISA F\u0130LM FEST\u0130VAL\u0130N\u0130N DETAYLARI VE DE\u011eERLEND\u0130RME S\u00dcREC\u0130 BASIN \u0130LE PAYLA\u015eILDI&nbsp; T.C. K\u00fclt\u00fcr ve Turizm Bakanl\u0131\u011f\u0131 ve \u0130stanbul Topkap\u0131 \u00dcniversitesi\u2019nin deste\u011fiyle ger\u00e7ekle\u015ftirilen TAYF Uluslararas\u0131 K\u0131sa Film Festivali\u2019nin j\u00fcri \u00fcyeleri, festival y\u00f6netimi ve organizasyon ekibi, Ni\u015fanta\u015f\u0131 Develi ev sahipli\u011finde d\u00fczenlenen \u00f6zel bir bas\u0131n toplant\u0131s\u0131nda bir araya geldi. Sinema sanat\u0131na adanm\u0131\u015f bu anlaml\u0131 bulu\u015fmada, festival kapsam\u0131nda&hellip;<\/p>\n","protected":false},"author":1,"featured_media":1128,"comment_status":"open","ping_status":"open","sticky":true,"template":"","format":"standard","meta":{"spay_email":"","footnotes":""},"categories":[16],"tags":[],"thb-sponsors":[],"class_list":["post-1123","post","type-post","status-publish","format-standard","has-post-thumbnail","hentry","category-kesfet"],"jetpack_featured_media_url":"https:\/\/popartlifedergi.com\/wp-content\/uploads\/2025\/03\/PHOTO-2025-03-06-09-17-23-scaled.jpg","_links":{"self":[{"href":"https:\/\/popartlifedergi.com\/index.php\/wp-json\/wp\/v2\/posts\/1123","targetHints":{"allow":["GET"]}}],"collection":[{"href":"https:\/\/popartlifedergi.com\/index.php\/wp-json\/wp\/v2\/posts"}],"about":[{"href":"https:\/\/popartlifedergi.com\/index.php\/wp-json\/wp\/v2\/types\/post"}],"author":[{"embeddable":true,"href":"https:\/\/popartlifedergi.com\/index.php\/wp-json\/wp\/v2\/users\/1"}],"replies":[{"embeddable":true,"href":"https:\/\/popartlifedergi.com\/index.php\/wp-json\/wp\/v2\/comments?post=1123"}],"version-history":[{"count":1,"href":"https:\/\/popartlifedergi.com\/index.php\/wp-json\/wp\/v2\/posts\/1123\/revisions"}],"predecessor-version":[{"id":1129,"href":"https:\/\/popartlifedergi.com\/index.php\/wp-json\/wp\/v2\/posts\/1123\/revisions\/1129"}],"wp:featuredmedia":[{"embeddable":true,"href":"https:\/\/popartlifedergi.com\/index.php\/wp-json\/wp\/v2\/media\/1128"}],"wp:attachment":[{"href":"https:\/\/popartlifedergi.com\/index.php\/wp-json\/wp\/v2\/media?parent=1123"}],"wp:term":[{"taxonomy":"category","embeddable":true,"href":"https:\/\/popartlifedergi.com\/index.php\/wp-json\/wp\/v2\/categories?post=1123"},{"taxonomy":"post_tag","embeddable":true,"href":"https:\/\/popartlifedergi.com\/index.php\/wp-json\/wp\/v2\/tags?post=1123"},{"taxonomy":"thb-sponsors","embeddable":true,"href":"https:\/\/popartlifedergi.com\/index.php\/wp-json\/wp\/v2\/thb-sponsors?post=1123"}],"curies":[{"name":"wp","href":"https:\/\/api.w.org\/{rel}","templated":true}]}}