{"id":1233,"date":"2025-12-06T11:38:07","date_gmt":"2025-12-06T11:38:07","guid":{"rendered":"https:\/\/popartlifedergi.com\/?p=1233"},"modified":"2025-12-06T11:38:17","modified_gmt":"2025-12-06T11:38:17","slug":"dilan-cicek-deniz-ve-serkan-cayoglu-red-sea-film-festivali-ozel-gala-yemeginde-dunya-yildizlariyla-bulustu","status":"publish","type":"post","link":"https:\/\/popartlifedergi.com\/index.php\/2025\/12\/06\/dilan-cicek-deniz-ve-serkan-cayoglu-red-sea-film-festivali-ozel-gala-yemeginde-dunya-yildizlariyla-bulustu\/","title":{"rendered":"\u00a0D\u0130LAN \u00c7\u0130\u00c7EK DEN\u0130Z VE SERKAN \u00c7AYO\u011eLU\u00a0RED SEA F\u0130LM FEST\u0130VAL\u0130 \u00d6ZEL GALA YEME\u011e\u0130NDE\u00a0\u00a0D\u00dcNYA YILDIZLARIYLA BULU\u015eTU\u00a0"},"content":{"rendered":"\n<figure class=\"wp-block-image size-large\"><img loading=\"lazy\" decoding=\"async\" width=\"683\" height=\"1024\" src=\"data:image\/gif;base64,R0lGODlhAQABAAAAACH5BAEKAAEALAAAAAABAAEAAAICTAEAOw==\" data-src=\"https:\/\/popartlifedergi.com\/wp-content\/uploads\/2025\/12\/Dilan-Cicek-Deniz5-683x1024.jpeg\" alt=\"\" class=\"wp-image-1236 lazyload\" data-sizes=\"auto\" data-srcset=\"https:\/\/popartlifedergi.com\/wp-content\/uploads\/2025\/12\/Dilan-Cicek-Deniz5-683x1024.jpeg 683w, https:\/\/popartlifedergi.com\/wp-content\/uploads\/2025\/12\/Dilan-Cicek-Deniz5-200x300.jpeg 200w, https:\/\/popartlifedergi.com\/wp-content\/uploads\/2025\/12\/Dilan-Cicek-Deniz5-768x1152.jpeg 768w, https:\/\/popartlifedergi.com\/wp-content\/uploads\/2025\/12\/Dilan-Cicek-Deniz5-1024x1536.jpeg 1024w, https:\/\/popartlifedergi.com\/wp-content\/uploads\/2025\/12\/Dilan-Cicek-Deniz5-1365x2048.jpeg 1365w, https:\/\/popartlifedergi.com\/wp-content\/uploads\/2025\/12\/Dilan-Cicek-Deniz5-450x675.jpeg 450w, https:\/\/popartlifedergi.com\/wp-content\/uploads\/2025\/12\/Dilan-Cicek-Deniz5-225x338.jpeg 225w, https:\/\/popartlifedergi.com\/wp-content\/uploads\/2025\/12\/Dilan-Cicek-Deniz5-900x1350.jpeg 900w, https:\/\/popartlifedergi.com\/wp-content\/uploads\/2025\/12\/Dilan-Cicek-Deniz5-1350x2025.jpeg 1350w, https:\/\/popartlifedergi.com\/wp-content\/uploads\/2025\/12\/Dilan-Cicek-Deniz5-20x30.jpeg 20w, https:\/\/popartlifedergi.com\/wp-content\/uploads\/2025\/12\/Dilan-Cicek-Deniz5-64x96.jpeg 64w, https:\/\/popartlifedergi.com\/wp-content\/uploads\/2025\/12\/Dilan-Cicek-Deniz5-scaled.jpeg 1706w\" sizes=\"auto, (max-width: 683px) 100vw, 683px\" \/><\/figure>\n\n\n\n<p>T\u00fcrkiye\u2019nin uluslararas\u0131 arenada \u00f6ne \u00e7\u0131kan oyuncular\u0131&nbsp;<strong>Dilan \u00c7i\u00e7ek Deniz<\/strong>&nbsp;ve&nbsp;<strong>Serkan&nbsp;\u00c7ayo\u011flu<\/strong>,&nbsp;<strong>Suudi Arabistan<\/strong>\u2019\u0131n ev sahipli\u011fi yapt\u0131\u011f\u0131&nbsp;<strong>Red&nbsp;Sea&nbsp;Uluslararas\u0131 Film Festivali<\/strong>&nbsp;kapsam\u0131nda&nbsp;<strong>Jeddah&nbsp;Yacht&nbsp;Club<\/strong>\u2019da&nbsp;d\u00fczenlenen 100 ki\u015filik \u00f6zel gala yeme\u011fine kat\u0131ld\u0131.&nbsp;<br>&nbsp;<br><strong>Uma&nbsp;Thurman, Jessica Alba, Ana de&nbsp;Armas, Dakota Johnson, Rita Ora,&nbsp;Kirsten&nbsp;Dunst,&nbsp;Juliette&nbsp;Binoche, Michael&nbsp;Caine,&nbsp;Adrien&nbsp;Brody, Daniel&nbsp;Kaluuya,&nbsp;Riz&nbsp;Ahmed, Queen&nbsp;Latifah&nbsp;<\/strong>ve<strong>&nbsp;Sean Baker&nbsp;<\/strong>gibi d\u00fcnya \u00e7ap\u0131nda tan\u0131nan isimlerin bulundu\u011fu bu bulu\u015fma, \u00f6nceki g\u00fcn\u00fcn konuklar\u0131n\u0131 yeniden bir araya getiren son derece ayr\u0131cal\u0131kl\u0131 bir geceye d\u00f6n\u00fc\u015ft\u00fc.&nbsp;<\/p>\n\n\n\n<figure class=\"wp-block-image size-large\"><img loading=\"lazy\" decoding=\"async\" width=\"683\" height=\"1024\" src=\"data:image\/gif;base64,R0lGODlhAQABAAAAACH5BAEKAAEALAAAAAABAAEAAAICTAEAOw==\" data-src=\"https:\/\/popartlifedergi.com\/wp-content\/uploads\/2025\/12\/Serkan-Cayoglu5-683x1024.jpeg\" alt=\"\" class=\"wp-image-1237 lazyload\" data-sizes=\"auto\" data-srcset=\"https:\/\/popartlifedergi.com\/wp-content\/uploads\/2025\/12\/Serkan-Cayoglu5-683x1024.jpeg 683w, https:\/\/popartlifedergi.com\/wp-content\/uploads\/2025\/12\/Serkan-Cayoglu5-200x300.jpeg 200w, https:\/\/popartlifedergi.com\/wp-content\/uploads\/2025\/12\/Serkan-Cayoglu5-768x1151.jpeg 768w, https:\/\/popartlifedergi.com\/wp-content\/uploads\/2025\/12\/Serkan-Cayoglu5-1025x1536.jpeg 1025w, https:\/\/popartlifedergi.com\/wp-content\/uploads\/2025\/12\/Serkan-Cayoglu5-1366x2048.jpeg 1366w, https:\/\/popartlifedergi.com\/wp-content\/uploads\/2025\/12\/Serkan-Cayoglu5-450x675.jpeg 450w, https:\/\/popartlifedergi.com\/wp-content\/uploads\/2025\/12\/Serkan-Cayoglu5-225x337.jpeg 225w, https:\/\/popartlifedergi.com\/wp-content\/uploads\/2025\/12\/Serkan-Cayoglu5-900x1349.jpeg 900w, https:\/\/popartlifedergi.com\/wp-content\/uploads\/2025\/12\/Serkan-Cayoglu5-1350x2024.jpeg 1350w, https:\/\/popartlifedergi.com\/wp-content\/uploads\/2025\/12\/Serkan-Cayoglu5-20x30.jpeg 20w, https:\/\/popartlifedergi.com\/wp-content\/uploads\/2025\/12\/Serkan-Cayoglu5-64x96.jpeg 64w, https:\/\/popartlifedergi.com\/wp-content\/uploads\/2025\/12\/Serkan-Cayoglu5-scaled.jpeg 1708w\" sizes=\"auto, (max-width: 683px) 100vw, 683px\" \/><\/figure>\n\n\n\n<p>Gecenin en dikkat \u00e7ekici anlar\u0131ndan biri ise,&nbsp;<strong>Dilan \u00c7i\u00e7ek Deniz<\/strong>&nbsp;ve&nbsp;<strong>Serkan&nbsp;\u00c7ayo\u011flu<\/strong>\u2019nun&nbsp;<strong>Juliette&nbsp;Binoche<\/strong>&nbsp;ile ayn\u0131 masada oturmas\u0131 oldu. T\u00fcrkiye\u2019yi temsil eden ikili, zarafetleri ve modern stilleriyle gecenin \u00f6ne \u00e7\u0131kan isimleri aras\u0131nda yer ald\u0131.&nbsp;<\/p>\n\n\n\n<p><strong>Dilan \u00c7i\u00e7ek Deniz\u2019in zarif \u015f\u0131kl\u0131\u011f\u0131<\/strong>&nbsp;<br>Siyah, asimetrik omuz tasar\u0131m\u0131 ve heykelsi&nbsp;drapeleriyle&nbsp;dikkat \u00e7eken&nbsp;<strong>Loewe<\/strong>&nbsp;elbisesiyle geceye modern ve sade bir zarafet ta\u015f\u0131yan Dilan \u00c7i\u00e7ek Deniz, g\u00f6r\u00fcn\u00fcm\u00fcn\u00fc&nbsp;<strong>Balenciaga<\/strong>&nbsp;ayakkab\u0131lar ve global marka y\u00fcz\u00fc oldu\u011fu&nbsp;<strong>Boucheron<\/strong>\u2019un&nbsp;y\u00fcksek m\u00fccevher koleksiyonundan se\u00e7ti\u011fi par\u00e7alarla tamamlad\u0131. Ba\u015far\u0131l\u0131 oyuncu, g\u00fc\u00e7l\u00fc stil yorumu ile gecenin en etkileyici stil ikonlar\u0131 aras\u0131nda yer ald\u0131.&nbsp;<br>&nbsp;<br><strong>Serkan&nbsp;\u00c7ayo\u011flu\u2019nun&nbsp;mask\u00fclen zarafeti<\/strong>&nbsp;<br><strong>Awave&nbsp;Studio<\/strong>&nbsp;tasar\u0131m\u0131 ekru geni\u015f kesim tak\u0131m\u0131yla kusursuz bir siluet \u00e7izen Serkan&nbsp;\u00c7ayo\u011flu, koyu tar\u00e7\u0131n tonlu g\u00f6mle\u011fiyle g\u00fc\u00e7l\u00fc bir kontrast yaratt\u0131.&nbsp;<strong>Prada<\/strong>&nbsp;ayakkab\u0131larla tamamlanan g\u00f6r\u00fcn\u00fcm\u00fc, modern&nbsp;mask\u00fclenli\u011fi&nbsp;zamans\u0131z bir \u015f\u0131kl\u0131kla bulu\u015fturdu.&nbsp;<\/p>\n\n\n\n<p>81 \u00fclkeden kat\u0131l\u0131mc\u0131n\u0131n yer ald\u0131\u011f\u0131&nbsp;Red&nbsp;Sea&nbsp;Uluslararas\u0131 Film Festivali, Oscar \u00f6d\u00fcll\u00fc y\u00f6netmen Sean Baker ba\u015fkanl\u0131\u011f\u0131nda 13 Aral\u0131k\u2019a kadar devam edecek. Dilan \u00c7i\u00e7ek Deniz ve Serkan&nbsp;\u00c7ayo\u011flu, festival boyunca \u00e7e\u015fitli panellerde ve \u00f6zel g\u00f6sterimlerde yer almay\u0131 s\u00fcrd\u00fcrecek.&nbsp;<\/p>\n\n\n\n<p><\/p>\n","protected":false},"excerpt":{"rendered":"<p>T\u00fcrkiye\u2019nin uluslararas\u0131 arenada \u00f6ne \u00e7\u0131kan oyuncular\u0131&nbsp;Dilan \u00c7i\u00e7ek Deniz&nbsp;ve&nbsp;Serkan&nbsp;\u00c7ayo\u011flu,&nbsp;Suudi Arabistan\u2019\u0131n ev sahipli\u011fi yapt\u0131\u011f\u0131&nbsp;Red&nbsp;Sea&nbsp;Uluslararas\u0131 Film Festivali&nbsp;kapsam\u0131nda&nbsp;Jeddah&nbsp;Yacht&nbsp;Club\u2019da&nbsp;d\u00fczenlenen 100 ki\u015filik \u00f6zel gala yeme\u011fine kat\u0131ld\u0131.&nbsp;&nbsp;Uma&nbsp;Thurman, Jessica Alba, Ana de&nbsp;Armas, Dakota Johnson, Rita Ora,&nbsp;Kirsten&nbsp;Dunst,&nbsp;Juliette&nbsp;Binoche, Michael&nbsp;Caine,&nbsp;Adrien&nbsp;Brody, Daniel&nbsp;Kaluuya,&nbsp;Riz&nbsp;Ahmed, Queen&nbsp;Latifah&nbsp;ve&nbsp;Sean Baker&nbsp;gibi d\u00fcnya \u00e7ap\u0131nda tan\u0131nan isimlerin bulundu\u011fu bu bulu\u015fma, \u00f6nceki g\u00fcn\u00fcn konuklar\u0131n\u0131 yeniden bir araya getiren son derece ayr\u0131cal\u0131kl\u0131 bir geceye d\u00f6n\u00fc\u015ft\u00fc.&nbsp; Gecenin en dikkat&hellip;<\/p>\n","protected":false},"author":1,"featured_media":1235,"comment_status":"open","ping_status":"open","sticky":true,"template":"","format":"standard","meta":{"spay_email":"","footnotes":""},"categories":[16],"tags":[],"thb-sponsors":[],"class_list":["post-1233","post","type-post","status-publish","format-standard","has-post-thumbnail","hentry","category-kesfet"],"jetpack_featured_media_url":"https:\/\/popartlifedergi.com\/wp-content\/uploads\/2025\/12\/Dilan-Cicek-Deniz1-scaled.jpeg","_links":{"self":[{"href":"https:\/\/popartlifedergi.com\/index.php\/wp-json\/wp\/v2\/posts\/1233","targetHints":{"allow":["GET"]}}],"collection":[{"href":"https:\/\/popartlifedergi.com\/index.php\/wp-json\/wp\/v2\/posts"}],"about":[{"href":"https:\/\/popartlifedergi.com\/index.php\/wp-json\/wp\/v2\/types\/post"}],"author":[{"embeddable":true,"href":"https:\/\/popartlifedergi.com\/index.php\/wp-json\/wp\/v2\/users\/1"}],"replies":[{"embeddable":true,"href":"https:\/\/popartlifedergi.com\/index.php\/wp-json\/wp\/v2\/comments?post=1233"}],"version-history":[{"count":1,"href":"https:\/\/popartlifedergi.com\/index.php\/wp-json\/wp\/v2\/posts\/1233\/revisions"}],"predecessor-version":[{"id":1238,"href":"https:\/\/popartlifedergi.com\/index.php\/wp-json\/wp\/v2\/posts\/1233\/revisions\/1238"}],"wp:featuredmedia":[{"embeddable":true,"href":"https:\/\/popartlifedergi.com\/index.php\/wp-json\/wp\/v2\/media\/1235"}],"wp:attachment":[{"href":"https:\/\/popartlifedergi.com\/index.php\/wp-json\/wp\/v2\/media?parent=1233"}],"wp:term":[{"taxonomy":"category","embeddable":true,"href":"https:\/\/popartlifedergi.com\/index.php\/wp-json\/wp\/v2\/categories?post=1233"},{"taxonomy":"post_tag","embeddable":true,"href":"https:\/\/popartlifedergi.com\/index.php\/wp-json\/wp\/v2\/tags?post=1233"},{"taxonomy":"thb-sponsors","embeddable":true,"href":"https:\/\/popartlifedergi.com\/index.php\/wp-json\/wp\/v2\/thb-sponsors?post=1233"}],"curies":[{"name":"wp","href":"https:\/\/api.w.org\/{rel}","templated":true}]}}