{"id":1239,"date":"2025-12-08T11:07:34","date_gmt":"2025-12-08T11:07:34","guid":{"rendered":"https:\/\/popartlifedergi.com\/?p=1239"},"modified":"2025-12-08T11:07:45","modified_gmt":"2025-12-08T11:07:45","slug":"turkiyenin-tek-yeni-yil-temali-cocuk-festivali-yeni-yil-masali-13-14-aralikta-zorlu-psmde-aileler-ile-bulusuyor","status":"publish","type":"post","link":"https:\/\/popartlifedergi.com\/index.php\/2025\/12\/08\/turkiyenin-tek-yeni-yil-temali-cocuk-festivali-yeni-yil-masali-13-14-aralikta-zorlu-psmde-aileler-ile-bulusuyor\/","title":{"rendered":"T\u00dcRK\u0130YE\u2019N\u0130N TEK YEN\u0130 YIL TEMALI \u00c7OCUK FEST\u0130VAL\u0130 \u201cYEN\u0130 YIL MASALI\u201d, 13\u201314 ARALIK\u2019TA ZORLU PSM\u2019DE\u00a0A\u0130LELER \u0130LE BULU\u015eUYOR!\u00a0"},"content":{"rendered":"\n<figure class=\"wp-block-image size-large\"><img loading=\"lazy\" decoding=\"async\" width=\"1024\" height=\"683\" src=\"data:image\/gif;base64,R0lGODlhAQABAAAAACH5BAEKAAEALAAAAAABAAEAAAICTAEAOw==\" data-src=\"https:\/\/popartlifedergi.com\/wp-content\/uploads\/2025\/12\/YYM-4282-3-1-1024x683.jpg\" alt=\"\" class=\"wp-image-1241 lazyload\" data-sizes=\"auto\" data-srcset=\"https:\/\/popartlifedergi.com\/wp-content\/uploads\/2025\/12\/YYM-4282-3-1-1024x683.jpg 1024w, https:\/\/popartlifedergi.com\/wp-content\/uploads\/2025\/12\/YYM-4282-3-1-300x200.jpg 300w, https:\/\/popartlifedergi.com\/wp-content\/uploads\/2025\/12\/YYM-4282-3-1-768x512.jpg 768w, https:\/\/popartlifedergi.com\/wp-content\/uploads\/2025\/12\/YYM-4282-3-1-1536x1024.jpg 1536w, https:\/\/popartlifedergi.com\/wp-content\/uploads\/2025\/12\/YYM-4282-3-1-2048x1366.jpg 2048w, https:\/\/popartlifedergi.com\/wp-content\/uploads\/2025\/12\/YYM-4282-3-1-450x300.jpg 450w, https:\/\/popartlifedergi.com\/wp-content\/uploads\/2025\/12\/YYM-4282-3-1-225x150.jpg 225w, https:\/\/popartlifedergi.com\/wp-content\/uploads\/2025\/12\/YYM-4282-3-1-900x600.jpg 900w, https:\/\/popartlifedergi.com\/wp-content\/uploads\/2025\/12\/YYM-4282-3-1-1350x900.jpg 1350w, https:\/\/popartlifedergi.com\/wp-content\/uploads\/2025\/12\/YYM-4282-3-1-20x13.jpg 20w, https:\/\/popartlifedergi.com\/wp-content\/uploads\/2025\/12\/YYM-4282-3-1-144x96.jpg 144w\" sizes=\"auto, (max-width: 1024px) 100vw, 1024px\" \/><\/figure>\n\n\n\n<p>T\u00fcrkiye\u2019nin tek yeni y\u0131l temal\u0131 \u00e7ocuk festivali \u201cYeni Y\u0131l Masal\u0131\u201d, bu y\u0131l 4. kez&nbsp;kap\u0131lar\u0131n\u0131 a\u00e7maya haz\u0131rlan\u0131yor. 13\u201314 Aral\u0131k\u2019ta Zorlu PSM ev sahipli\u011finde d\u00fczenlenecek festival, \u00e7ocuklara ve ailelere masal tad\u0131nda, b\u00fcy\u00fcl\u00fc bir d\u00fcnyan\u0131n kap\u0131lar\u0131n\u0131 aralayacak.&nbsp;<\/p>\n\n\n\n<figure class=\"wp-block-image size-large\"><img loading=\"lazy\" decoding=\"async\" width=\"1024\" height=\"683\" src=\"data:image\/gif;base64,R0lGODlhAQABAAAAACH5BAEKAAEALAAAAAABAAEAAAICTAEAOw==\" data-src=\"https:\/\/popartlifedergi.com\/wp-content\/uploads\/2025\/12\/R6_S0770-1-1024x683.jpg\" alt=\"\" class=\"wp-image-1242 lazyload\" data-sizes=\"auto\" data-srcset=\"https:\/\/popartlifedergi.com\/wp-content\/uploads\/2025\/12\/R6_S0770-1-1024x683.jpg 1024w, https:\/\/popartlifedergi.com\/wp-content\/uploads\/2025\/12\/R6_S0770-1-300x200.jpg 300w, https:\/\/popartlifedergi.com\/wp-content\/uploads\/2025\/12\/R6_S0770-1-768x512.jpg 768w, https:\/\/popartlifedergi.com\/wp-content\/uploads\/2025\/12\/R6_S0770-1-1536x1024.jpg 1536w, https:\/\/popartlifedergi.com\/wp-content\/uploads\/2025\/12\/R6_S0770-1-2048x1365.jpg 2048w, https:\/\/popartlifedergi.com\/wp-content\/uploads\/2025\/12\/R6_S0770-1-450x300.jpg 450w, https:\/\/popartlifedergi.com\/wp-content\/uploads\/2025\/12\/R6_S0770-1-225x150.jpg 225w, https:\/\/popartlifedergi.com\/wp-content\/uploads\/2025\/12\/R6_S0770-1-900x600.jpg 900w, https:\/\/popartlifedergi.com\/wp-content\/uploads\/2025\/12\/R6_S0770-1-1350x900.jpg 1350w, https:\/\/popartlifedergi.com\/wp-content\/uploads\/2025\/12\/R6_S0770-1-20x13.jpg 20w, https:\/\/popartlifedergi.com\/wp-content\/uploads\/2025\/12\/R6_S0770-1-144x96.jpg 144w\" sizes=\"auto, (max-width: 1024px) 100vw, 1024px\" \/><\/figure>\n\n\n\n<p>Festival boyunca dev dekorlar, Noel Baba ile bulu\u015fma, y\u0131lba\u015f\u0131 konseptli yarat\u0131c\u0131 at\u00f6lyeler, y\u0131lba\u015f\u0131 orkestras\u0131, lisansl\u0131 kost\u00fcm karakterleri, dans ve tiyatro g\u00f6sterileri, sahne performanslar\u0131, ill\u00fczyon \u015fovlar\u0131, sanat at\u00f6lyeleri, y\u00fcz boyama alanlar\u0131, y\u0131lba\u015f\u0131 treni, kukla g\u00f6sterileri ve e\u011flenceli foto\u011fraf alanlar\u0131n\u0131n da aralar\u0131nda bulundu\u011fu 50\u2019den fazla etkinlik ziyaret\u00e7ilere sunulacak.&nbsp;<\/p>\n\n\n\n<p>Warner&nbsp;Bros,&nbsp;Cartoon&nbsp;Network&nbsp;ve&nbsp;Minika\u2019n\u0131n&nbsp;katk\u0131lar\u0131yla ger\u00e7ekle\u015ftirilecek \u00f6zel g\u00f6steriler ve s\u00fcrpriz tiyatro performanslar\u0131 ise festival deneyimini daha da zenginle\u015ftirecek. \u00c7ocuklar, en sevdikleri karakterlerle ayn\u0131 sahneyi payla\u015fma f\u0131rsat\u0131 bulurken aileler de y\u0131lba\u015f\u0131 ruhunu doyas\u0131ya ya\u015fayacak.&nbsp;Festival Direkt\u00f6r\u00fc&nbsp;Tomru&nbsp;Derek\u00f6yl\u00fc&nbsp;;&nbsp;\u201cYeni Y\u0131l Masal\u0131\u2019n\u0131 her y\u0131l daha kapsaml\u0131 bir i\u00e7erikle haz\u0131rl\u0131yoruz. Amac\u0131m\u0131z, \u00e7ocuklar\u0131n g\u00fcvenli ve yarat\u0131c\u0131 bir ortamda y\u0131lba\u015f\u0131 atmosferini deneyimleyebilece\u011fi bir bulu\u015fma noktas\u0131 olu\u015fturmak. Bu y\u0131l program\u0131m\u0131za hem yeni etkinlikler ekledik hem de \u00e7ocuklar\u0131n ilgisini \u00e7eken karakter deneyimlerini g\u00fc\u00e7lendirdik.\u201d&nbsp;<\/p>\n\n\n\n<p>\u201cYeni Y\u0131l Masal\u0131\u201d, her y\u0131l binlerce \u00e7ocuk taraf\u0131ndan ilgiyle takip edilen benzersiz konseptiyle, bu y\u0131l da unutulmaz an\u0131lar biriktirmek isteyen aileleri Zorlu&nbsp;PSM\u2019e&nbsp;davet ediyor.&nbsp;<\/p>\n\n\n\n<p><\/p>\n","protected":false},"excerpt":{"rendered":"<p>T\u00fcrkiye\u2019nin tek yeni y\u0131l temal\u0131 \u00e7ocuk festivali \u201cYeni Y\u0131l Masal\u0131\u201d, bu y\u0131l 4. kez&nbsp;kap\u0131lar\u0131n\u0131 a\u00e7maya haz\u0131rlan\u0131yor. 13\u201314 Aral\u0131k\u2019ta Zorlu PSM ev sahipli\u011finde d\u00fczenlenecek festival, \u00e7ocuklara ve ailelere masal tad\u0131nda, b\u00fcy\u00fcl\u00fc bir d\u00fcnyan\u0131n kap\u0131lar\u0131n\u0131 aralayacak.&nbsp; Festival boyunca dev dekorlar, Noel Baba ile bulu\u015fma, y\u0131lba\u015f\u0131 konseptli yarat\u0131c\u0131 at\u00f6lyeler, y\u0131lba\u015f\u0131 orkestras\u0131, lisansl\u0131 kost\u00fcm karakterleri, dans ve tiyatro g\u00f6sterileri,&hellip;<\/p>\n","protected":false},"author":1,"featured_media":1240,"comment_status":"open","ping_status":"open","sticky":true,"template":"","format":"standard","meta":{"spay_email":"","footnotes":""},"categories":[16],"tags":[],"thb-sponsors":[],"class_list":["post-1239","post","type-post","status-publish","format-standard","has-post-thumbnail","hentry","category-kesfet"],"jetpack_featured_media_url":"https:\/\/popartlifedergi.com\/wp-content\/uploads\/2025\/12\/afis-2-scaled.jpeg","_links":{"self":[{"href":"https:\/\/popartlifedergi.com\/index.php\/wp-json\/wp\/v2\/posts\/1239","targetHints":{"allow":["GET"]}}],"collection":[{"href":"https:\/\/popartlifedergi.com\/index.php\/wp-json\/wp\/v2\/posts"}],"about":[{"href":"https:\/\/popartlifedergi.com\/index.php\/wp-json\/wp\/v2\/types\/post"}],"author":[{"embeddable":true,"href":"https:\/\/popartlifedergi.com\/index.php\/wp-json\/wp\/v2\/users\/1"}],"replies":[{"embeddable":true,"href":"https:\/\/popartlifedergi.com\/index.php\/wp-json\/wp\/v2\/comments?post=1239"}],"version-history":[{"count":1,"href":"https:\/\/popartlifedergi.com\/index.php\/wp-json\/wp\/v2\/posts\/1239\/revisions"}],"predecessor-version":[{"id":1243,"href":"https:\/\/popartlifedergi.com\/index.php\/wp-json\/wp\/v2\/posts\/1239\/revisions\/1243"}],"wp:featuredmedia":[{"embeddable":true,"href":"https:\/\/popartlifedergi.com\/index.php\/wp-json\/wp\/v2\/media\/1240"}],"wp:attachment":[{"href":"https:\/\/popartlifedergi.com\/index.php\/wp-json\/wp\/v2\/media?parent=1239"}],"wp:term":[{"taxonomy":"category","embeddable":true,"href":"https:\/\/popartlifedergi.com\/index.php\/wp-json\/wp\/v2\/categories?post=1239"},{"taxonomy":"post_tag","embeddable":true,"href":"https:\/\/popartlifedergi.com\/index.php\/wp-json\/wp\/v2\/tags?post=1239"},{"taxonomy":"thb-sponsors","embeddable":true,"href":"https:\/\/popartlifedergi.com\/index.php\/wp-json\/wp\/v2\/thb-sponsors?post=1239"}],"curies":[{"name":"wp","href":"https:\/\/api.w.org\/{rel}","templated":true}]}}