{"id":1310,"date":"2026-05-01T12:28:39","date_gmt":"2026-05-01T12:28:39","guid":{"rendered":"https:\/\/popartlifedergi.com\/?p=1310"},"modified":"2026-05-01T12:28:40","modified_gmt":"2026-05-01T12:28:40","slug":"kultur-yolu-festivali-sanliurfada-devam-ediyor","status":"publish","type":"post","link":"https:\/\/popartlifedergi.com\/index.php\/2026\/05\/01\/kultur-yolu-festivali-sanliurfada-devam-ediyor\/","title":{"rendered":"K\u00fclt\u00fcr Yolu Festivali \u015eanl\u0131urfa&#8217;da devam ediyor!"},"content":{"rendered":"\n<figure class=\"wp-block-image size-large\"><img loading=\"lazy\" decoding=\"async\" width=\"1024\" height=\"683\" src=\"data:image\/gif;base64,R0lGODlhAQABAAAAACH5BAEKAAEALAAAAAABAAEAAAICTAEAOw==\" data-src=\"https:\/\/popartlifedergi.com\/wp-content\/uploads\/2026\/05\/1777620197_SANLIURFA_KYF_6._GUN__4_-1024x683.jpg\" alt=\"\" class=\"wp-image-1311 lazyload\" data-sizes=\"auto\" data-srcset=\"https:\/\/popartlifedergi.com\/wp-content\/uploads\/2026\/05\/1777620197_SANLIURFA_KYF_6._GUN__4_-1024x683.jpg 1024w, https:\/\/popartlifedergi.com\/wp-content\/uploads\/2026\/05\/1777620197_SANLIURFA_KYF_6._GUN__4_-300x200.jpg 300w, https:\/\/popartlifedergi.com\/wp-content\/uploads\/2026\/05\/1777620197_SANLIURFA_KYF_6._GUN__4_-768x512.jpg 768w, https:\/\/popartlifedergi.com\/wp-content\/uploads\/2026\/05\/1777620197_SANLIURFA_KYF_6._GUN__4_-1536x1024.jpg 1536w, https:\/\/popartlifedergi.com\/wp-content\/uploads\/2026\/05\/1777620197_SANLIURFA_KYF_6._GUN__4_-2048x1365.jpg 2048w, https:\/\/popartlifedergi.com\/wp-content\/uploads\/2026\/05\/1777620197_SANLIURFA_KYF_6._GUN__4_-450x300.jpg 450w, https:\/\/popartlifedergi.com\/wp-content\/uploads\/2026\/05\/1777620197_SANLIURFA_KYF_6._GUN__4_-225x150.jpg 225w, https:\/\/popartlifedergi.com\/wp-content\/uploads\/2026\/05\/1777620197_SANLIURFA_KYF_6._GUN__4_-900x600.jpg 900w, https:\/\/popartlifedergi.com\/wp-content\/uploads\/2026\/05\/1777620197_SANLIURFA_KYF_6._GUN__4_-1350x900.jpg 1350w, https:\/\/popartlifedergi.com\/wp-content\/uploads\/2026\/05\/1777620197_SANLIURFA_KYF_6._GUN__4_-20x13.jpg 20w, https:\/\/popartlifedergi.com\/wp-content\/uploads\/2026\/05\/1777620197_SANLIURFA_KYF_6._GUN__4_-144x96.jpg 144w\" sizes=\"auto, (max-width: 1024px) 100vw, 1024px\" \/><\/figure>\n\n\n\n<p><strong>\u015eANLIURFA\u2019DA K\u00dcLT\u00dcR YOLU FEST\u0130VAL\u0130&nbsp;RENKL\u0130 \u0130\u00c7ER\u0130KLER\u0130YLE&nbsp;DEVAM ED\u0130YOR<\/strong>&nbsp;<\/p>\n\n\n\n<p><strong>\u015eanl\u0131urfa K\u00fclt\u00fcr Yolu Festivali\u2019nin alt\u0131nc\u0131 g\u00fcn\u00fcnde d\u00fczenlenen program, geleneksel sanatlar, k\u00fclt\u00fcrel miras temelli at\u00f6lyeler ve \u00e7ocuklara y\u00f6nelik etkinliklerle kat\u0131l\u0131mc\u0131lara kapsaml\u0131 bir k\u00fclt\u00fcr-sanat deneyimi sundu. \u015eehrin farkl\u0131 noktalar\u0131nda ger\u00e7ekle\u015ftirilen&nbsp;uygulamalar,&nbsp;hem tarihi&nbsp;birikimi hem de sanat\u0131n \u00fcretim boyutunu bir araya getirdi.<\/strong>&nbsp;<\/p>\n\n\n\n<p><strong>NEOL\u0130T\u0130K D\u00d6NEM\u0130N SANATLA YEN\u0130DEN YORUMU<\/strong>&nbsp;<\/p>\n\n\n\n<p>Mehmet Akif \u0130nan Konferans ve Sergi Salonu\u2019nda ger\u00e7ekle\u015ftirilen&nbsp;<strong>\u201cPastelden Tarihe: \u015eanl\u0131urfa Neolitik D\u00f6nemin Sanatla Yeniden Yorumu\u201d<\/strong>&nbsp;etkinli\u011finde, \u00f6\u011frencilerin \u015eanl\u0131urfa Neolitik D\u00f6nemi\u2019ne ait k\u00fclt\u00fcrel miras\u0131 tan\u0131malar\u0131 ve bu miras\u0131 g\u00f6rsel sanatlar arac\u0131l\u0131\u011f\u0131yla yorumlamalar\u0131 hedeflendi. Pastel tekni\u011fiyle \u00f6zg\u00fcn eser \u00fcretimine&nbsp;imkan&nbsp;sa\u011flayan uygulama, k\u00fclt\u00fcrel miras bilinci ile yarat\u0131c\u0131 d\u00fc\u015f\u00fcnme becerisini bir araya getirdi. T\u00fcrkiye Y\u00fczy\u0131l\u0131 Maarif Modeli kapsam\u0131nda planlanan \u00e7al\u0131\u015fma; estetik duyarl\u0131l\u0131k,&nbsp;disiplinleraras\u0131&nbsp;\u00f6\u011frenme ve k\u00fclt\u00fcrel s\u00fcreklilik ilkeleri do\u011frultusunda \u015fekillendirildi.&nbsp;G\u00f6beklitepe,&nbsp;Karahantepe&nbsp;ve&nbsp;Nevali&nbsp;\u00c7ori&nbsp;gibi Neolitik merkezlerde ortaya \u00e7\u0131kar\u0131lan fig\u00fcrlerin sanatsal dile d\u00f6n\u00fc\u015ft\u00fcr\u00fclmesiyle \u00f6\u011frencilerin tarihsel fark\u0131ndal\u0131klar\u0131 g\u00fc\u00e7lendirildi.&nbsp;<\/p>\n\n\n\n<p><strong>\u015eANLIURFA ARKEOLOJ\u0130 M\u00dcZES\u0130 EV SAH\u0130PL\u0130\u011e\u0130NDE GELENEKSEL SANAT AT\u00d6LYELER\u0130<\/strong>&nbsp;<\/p>\n\n\n\n<p>\u015eanl\u0131urfa Arkeoloji M\u00fczesi ev sahipli\u011finde d\u00fczenlenen at\u00f6lyelerde, kentin k\u00f6kl\u00fc el sanatlar\u0131 uygulamal\u0131 olarak tan\u0131t\u0131ld\u0131.&nbsp;<\/p>\n\n\n\n<p><strong>\u201c\u0130pek&nbsp;Kazaziye&nbsp;At\u00f6lyesi\u201d<\/strong>nde, ipek ipliklerin elle b\u00fck\u00fcl\u00fcp i\u015flenmesiyle ortaya \u00e7\u0131kan ve ge\u00e7mi\u015fi as\u0131rlar \u00f6ncesine dayanan geleneksel sanat\u0131n teknik detaylar\u0131, zanaatkar Mehmet Emin G\u00fcng\u00f6r \u00f6nc\u00fcl\u00fc\u011f\u00fcnde&nbsp;kat\u0131l\u0131mc\u0131larla bulu\u015fturuldu. Bal\u0131ks\u0131rt\u0131, s\u00fcrg\u00fc, top ve ajur gibi tekniklerle \u00fcretilen&nbsp;kazaziye&nbsp;\u00fcr\u00fcnler, \u015eanl\u0131urfa\u2019n\u0131n zanaatkarl\u0131k gelene\u011fini yans\u0131tt\u0131.&nbsp;<\/p>\n\n\n\n<p><strong>\u201cH\u00fcsn-i Hat&nbsp;At\u00f6lyesi\u201d<\/strong>nde&nbsp;Mustafa Ka\u00e7ar&nbsp;e\u015fli\u011finde icra edilen \u00e7al\u0131\u015fmalarda, estetik \u00f6l\u00e7\u00fclerle \u015fekillenen geleneksel yaz\u0131 sanat\u0131 tan\u0131t\u0131ld\u0131. Kam\u0131\u015f kalem, is m\u00fcrekkebi ve \u00f6zel ka\u011f\u0131tlar kullan\u0131larak usta-\u00e7\u0131rak ili\u015fkisi i\u00e7inde aktar\u0131lan&nbsp;h\u00fcsn-i hat sanat\u0131n\u0131n tarihsel ve k\u00fclt\u00fcrel boyutu ele al\u0131nd\u0131.&nbsp;<\/p>\n\n\n\n<p><strong>\u201cEbru&nbsp;At\u00f6lyesi\u201d<\/strong>nde&nbsp;\u00d6mer Sabuncu\u2019nun rehberli\u011finde ger\u00e7ekle\u015ftirilen uygulamalarda ise kitre ile yo\u011funla\u015ft\u0131r\u0131lm\u0131\u015f su y\u00fczeyine serpilen boyalarla olu\u015fturulan desenler sanatseverlerle bulu\u015fturuldu. \u201cRenklerin su \u00fczerindeki dans\u0131\u201d olarak nitelendirilen ebru sanat\u0131&nbsp;at\u00f6lyesi, her biri tek ve tekrar\u0131 olmayan eserlerle kat\u0131l\u0131mc\u0131lara&nbsp;\u00f6zg\u00fcn ve renkli bir deneyim&nbsp;imkan\u0131&nbsp;sundu.&nbsp;<\/p>\n\n\n\n<figure class=\"wp-block-image size-large\"><img loading=\"lazy\" decoding=\"async\" width=\"1024\" height=\"683\" src=\"data:image\/gif;base64,R0lGODlhAQABAAAAACH5BAEKAAEALAAAAAABAAEAAAICTAEAOw==\" data-src=\"https:\/\/popartlifedergi.com\/wp-content\/uploads\/2026\/05\/1777620193_SANLIURFA_KYF_6._GUN__3_-1024x683.jpg\" alt=\"\" class=\"wp-image-1312 lazyload\" data-sizes=\"auto\" data-srcset=\"https:\/\/popartlifedergi.com\/wp-content\/uploads\/2026\/05\/1777620193_SANLIURFA_KYF_6._GUN__3_-1024x683.jpg 1024w, https:\/\/popartlifedergi.com\/wp-content\/uploads\/2026\/05\/1777620193_SANLIURFA_KYF_6._GUN__3_-300x200.jpg 300w, https:\/\/popartlifedergi.com\/wp-content\/uploads\/2026\/05\/1777620193_SANLIURFA_KYF_6._GUN__3_-768x512.jpg 768w, https:\/\/popartlifedergi.com\/wp-content\/uploads\/2026\/05\/1777620193_SANLIURFA_KYF_6._GUN__3_-1536x1024.jpg 1536w, https:\/\/popartlifedergi.com\/wp-content\/uploads\/2026\/05\/1777620193_SANLIURFA_KYF_6._GUN__3_-2048x1365.jpg 2048w, https:\/\/popartlifedergi.com\/wp-content\/uploads\/2026\/05\/1777620193_SANLIURFA_KYF_6._GUN__3_-450x300.jpg 450w, https:\/\/popartlifedergi.com\/wp-content\/uploads\/2026\/05\/1777620193_SANLIURFA_KYF_6._GUN__3_-225x150.jpg 225w, https:\/\/popartlifedergi.com\/wp-content\/uploads\/2026\/05\/1777620193_SANLIURFA_KYF_6._GUN__3_-900x600.jpg 900w, https:\/\/popartlifedergi.com\/wp-content\/uploads\/2026\/05\/1777620193_SANLIURFA_KYF_6._GUN__3_-1350x900.jpg 1350w, https:\/\/popartlifedergi.com\/wp-content\/uploads\/2026\/05\/1777620193_SANLIURFA_KYF_6._GUN__3_-20x13.jpg 20w, https:\/\/popartlifedergi.com\/wp-content\/uploads\/2026\/05\/1777620193_SANLIURFA_KYF_6._GUN__3_-144x96.jpg 144w\" sizes=\"auto, (max-width: 1024px) 100vw, 1024px\" \/><\/figure>\n\n\n\n<p><strong>FEST\u0130VALDE \u00c7OCUKLAR HEM E\u011eLEN\u0130YOR HEM \u00d6\u011eREN\u0130YOR<\/strong>&nbsp;<\/p>\n\n\n\n<p>\u015eanl\u0131urfa M\u00fczesi \u00c7ocuk Oyun Alan\u0131\u2019nda ger\u00e7ekle\u015ftirilen&nbsp;<strong>\u201cK\u00fclt\u00fcr Koruyucular\u0131\u201d<\/strong>&nbsp;etkinli\u011fi kapsam\u0131nda \u00f6\u011frenciler, k\u00fclt\u00fcrel miras\u0131 ke\u015ffetme ve ge\u00e7mi\u015fin izlerini tan\u0131ma f\u0131rsat\u0131 buldu.&nbsp;Program, \u00e7ocuklarda tarih bilinci ve k\u00fclt\u00fcrel miras\u0131 koruma fark\u0131ndal\u0131\u011f\u0131n\u0131n geli\u015ftirilmesini hedefledi.&nbsp;<\/p>\n\n\n\n<p>Festival boyunca \u015eanl\u0131urfa, \u00e7ocuklara oyun, sanat ve ke\u015fif dolu unutulmaz deneyimler ya\u015fatmaya devam ediyor. \u015eanl\u0131urfa Arkeoloji M\u00fczesi&nbsp;Arkeopark\u2019ta&nbsp;kurulan&nbsp;<strong>\u201c\u00c7ocuk K\u00f6y\u00fc\u201d<\/strong>, renkli aktiviteler, at\u00f6lye \u00e7al\u0131\u015fmalar\u0131, sahne g\u00f6sterileri ve oyun alanlar\u0131yla minik ziyaret\u00e7ilerin bulu\u015fma noktas\u0131 haline geliyor.&nbsp;<strong>\u201cMinik Biniciler M\u00fcze Yolunda\u201d<\/strong>&nbsp;etkinli\u011fi kapsam\u0131nda m\u00fcze bah\u00e7esinde kurulan alan, midillilerle ger\u00e7ekle\u015ftirilen uygulamalar ve g\u00fcvenli s\u00fcr\u00fc\u015f parkurlar\u0131yla \u00e7ocuklar\u0131n hem fiziksel aktiviteyle bulu\u015ftu\u011fu hem de hayvanlarla do\u011frudan temas kurarak \u00f6\u011frenme&nbsp;imkan\u0131&nbsp;elde etti\u011fi bir merkez haline geliyor.&nbsp;<\/p>\n","protected":false},"excerpt":{"rendered":"<p>\u015eANLIURFA\u2019DA K\u00dcLT\u00dcR YOLU FEST\u0130VAL\u0130&nbsp;RENKL\u0130 \u0130\u00c7ER\u0130KLER\u0130YLE&nbsp;DEVAM ED\u0130YOR&nbsp; \u015eanl\u0131urfa K\u00fclt\u00fcr Yolu Festivali\u2019nin alt\u0131nc\u0131 g\u00fcn\u00fcnde d\u00fczenlenen program, geleneksel sanatlar, k\u00fclt\u00fcrel miras temelli at\u00f6lyeler ve \u00e7ocuklara y\u00f6nelik etkinliklerle kat\u0131l\u0131mc\u0131lara kapsaml\u0131 bir k\u00fclt\u00fcr-sanat deneyimi sundu. \u015eehrin farkl\u0131 noktalar\u0131nda ger\u00e7ekle\u015ftirilen&nbsp;uygulamalar,&nbsp;hem tarihi&nbsp;birikimi hem de sanat\u0131n \u00fcretim boyutunu bir araya getirdi.&nbsp; NEOL\u0130T\u0130K D\u00d6NEM\u0130N SANATLA YEN\u0130DEN YORUMU&nbsp; Mehmet Akif \u0130nan Konferans ve Sergi Salonu\u2019nda&hellip;<\/p>\n","protected":false},"author":1,"featured_media":1313,"comment_status":"open","ping_status":"open","sticky":true,"template":"","format":"standard","meta":{"spay_email":"","footnotes":""},"categories":[16],"tags":[],"thb-sponsors":[],"class_list":["post-1310","post","type-post","status-publish","format-standard","has-post-thumbnail","hentry","category-kesfet"],"jetpack_featured_media_url":"https:\/\/popartlifedergi.com\/wp-content\/uploads\/2026\/05\/1777620190_SANLIURFA_KYF_6._GUN__2_-scaled.jpg","_links":{"self":[{"href":"https:\/\/popartlifedergi.com\/index.php\/wp-json\/wp\/v2\/posts\/1310","targetHints":{"allow":["GET"]}}],"collection":[{"href":"https:\/\/popartlifedergi.com\/index.php\/wp-json\/wp\/v2\/posts"}],"about":[{"href":"https:\/\/popartlifedergi.com\/index.php\/wp-json\/wp\/v2\/types\/post"}],"author":[{"embeddable":true,"href":"https:\/\/popartlifedergi.com\/index.php\/wp-json\/wp\/v2\/users\/1"}],"replies":[{"embeddable":true,"href":"https:\/\/popartlifedergi.com\/index.php\/wp-json\/wp\/v2\/comments?post=1310"}],"version-history":[{"count":1,"href":"https:\/\/popartlifedergi.com\/index.php\/wp-json\/wp\/v2\/posts\/1310\/revisions"}],"predecessor-version":[{"id":1314,"href":"https:\/\/popartlifedergi.com\/index.php\/wp-json\/wp\/v2\/posts\/1310\/revisions\/1314"}],"wp:featuredmedia":[{"embeddable":true,"href":"https:\/\/popartlifedergi.com\/index.php\/wp-json\/wp\/v2\/media\/1313"}],"wp:attachment":[{"href":"https:\/\/popartlifedergi.com\/index.php\/wp-json\/wp\/v2\/media?parent=1310"}],"wp:term":[{"taxonomy":"category","embeddable":true,"href":"https:\/\/popartlifedergi.com\/index.php\/wp-json\/wp\/v2\/categories?post=1310"},{"taxonomy":"post_tag","embeddable":true,"href":"https:\/\/popartlifedergi.com\/index.php\/wp-json\/wp\/v2\/tags?post=1310"},{"taxonomy":"thb-sponsors","embeddable":true,"href":"https:\/\/popartlifedergi.com\/index.php\/wp-json\/wp\/v2\/thb-sponsors?post=1310"}],"curies":[{"name":"wp","href":"https:\/\/api.w.org\/{rel}","templated":true}]}}