{"id":537,"date":"2021-07-17T12:12:17","date_gmt":"2021-07-17T12:12:17","guid":{"rendered":"https:\/\/popartlifedergi.com\/?p=537"},"modified":"2021-07-17T12:19:30","modified_gmt":"2021-07-17T12:19:30","slug":"betty2sezon-dizinin-sevilen-oyunculariyla-roportaj","status":"publish","type":"post","link":"https:\/\/popartlifedergi.com\/index.php\/2021\/07\/17\/betty2sezon-dizinin-sevilen-oyunculariyla-roportaj\/","title":{"rendered":"Betty(2Sezon) Dizinin Sevilen Oyuncular\u0131yla R\u00f6portaj"},"content":{"rendered":"\n<p>Rachelle Vinberg ve Ajani Russell<\/p>\n\n\n\n<p>(Camille ve Indigo Karakterlerini Canland\u0131r\u0131yorlar)<\/p>\n\n\n\n<p><strong>Betty\u2019nin ikinci sezon i\u00e7in de onay ald\u0131\u011f\u0131n\u0131 duydu\u011funuzda ne hissettiniz?<\/strong><\/p>\n\n\n\n<p><strong>RV: <\/strong>Ben \u00e7ok heyecanland\u0131m. Haberi ilk ald\u0131\u011f\u0131m\u0131zda Crystal\u2019la birlikte Montauk\u2019ta deniz kenar\u0131ndayd\u0131m. Crystal \u2018\u0130kinci sezon i\u00e7in onay ald\u0131k!\u2019 dedi ve ben o an \u2018\u0130\u015fte bu!\u2019 diye sevindim.<\/p>\n\n\n\n<p>Bu dizi ve karakterle ilgili daha fazla ke\u015fif yapmak i\u00e7in m\u00fcthi\u015f bir f\u0131rsat. Biliyorum bunu \u00e7ok fazla dile getirdik ama i\u00e7inde bulundu\u011fumuz d\u00fcnyayla ilgili daha fazla \u015fey anlatmak, daha \u00e7ok \u015fey g\u00f6stermek istedik. Birinci sezonda b\u00f6yle hissediyordum, biliyorum. Ge\u00e7ti\u011fimiz birka\u00e7 y\u0131lda \u00fcstesinden gelmek zorunda kald\u0131\u011f\u0131m\u0131z her \u015feye dair anlatacak pek \u00e7ok \u00e7\u0131lg\u0131n hikayemiz oldu. Bunu anlatma f\u0131rsat\u0131na eri\u015ftik.<\/p>\n\n\n\n<figure class=\"wp-block-image size-large\"><img loading=\"lazy\" decoding=\"async\" width=\"1024\" height=\"576\" src=\"data:image\/gif;base64,R0lGODlhAQABAAAAACH5BAEKAAEALAAAAAABAAEAAAICTAEAOw==\" data-src=\"https:\/\/popartlifedergi.com\/wp-content\/uploads\/2021\/07\/820538_5613423_3840x2160-1024x576.jpg\" alt=\"\" class=\"wp-image-540 lazyload\" data-sizes=\"auto\" data-srcset=\"https:\/\/popartlifedergi.com\/wp-content\/uploads\/2021\/07\/820538_5613423_3840x2160-1024x576.jpg 1024w, https:\/\/popartlifedergi.com\/wp-content\/uploads\/2021\/07\/820538_5613423_3840x2160-300x169.jpg 300w, https:\/\/popartlifedergi.com\/wp-content\/uploads\/2021\/07\/820538_5613423_3840x2160-768x432.jpg 768w, https:\/\/popartlifedergi.com\/wp-content\/uploads\/2021\/07\/820538_5613423_3840x2160-1536x864.jpg 1536w, https:\/\/popartlifedergi.com\/wp-content\/uploads\/2021\/07\/820538_5613423_3840x2160-2048x1152.jpg 2048w, https:\/\/popartlifedergi.com\/wp-content\/uploads\/2021\/07\/820538_5613423_3840x2160-450x253.jpg 450w, https:\/\/popartlifedergi.com\/wp-content\/uploads\/2021\/07\/820538_5613423_3840x2160-20x11.jpg 20w, https:\/\/popartlifedergi.com\/wp-content\/uploads\/2021\/07\/820538_5613423_3840x2160-225x127.jpg 225w, https:\/\/popartlifedergi.com\/wp-content\/uploads\/2021\/07\/820538_5613423_3840x2160-900x506.jpg 900w, https:\/\/popartlifedergi.com\/wp-content\/uploads\/2021\/07\/820538_5613423_3840x2160-1350x759.jpg 1350w, https:\/\/popartlifedergi.com\/wp-content\/uploads\/2021\/07\/820538_5613423_3840x2160-171x96.jpg 171w\" sizes=\"auto, (max-width: 1024px) 100vw, 1024px\" \/><\/figure>\n\n\n\n<p><strong>AR:<\/strong> Asl\u0131nda ilk yapt\u0131\u011f\u0131m \u015fey \u2018Vay! Demek ki insanlar\u0131n ho\u015funa gitmi\u015f\u2019 diye d\u00fc\u015f\u00fcnmek oldu. New York City sokaklar\u0131nda gezen, b\u00fcy\u00fcme m\u00fccadelesi veren ve kendilerini tan\u0131ma yolculu\u011funda olan kaykay d\u00fcnyas\u0131ndaki farkl\u0131 renklerden kad\u0131nlar\u0131n temsil edildi\u011fi bu i\u015fe katk\u0131da bulunabildi\u011fim i\u00e7in \u00e7ok mutluyum.<\/p>\n\n\n\n<p><strong> Oyuncular\u0131n aras\u0131nda kurulan ba\u011flar\u0131n \u00e7ok do\u011fal oldu\u011fu hissediliyor. Birlikte \u00e7al\u0131\u015fmak nas\u0131l bir \u015feydi?<\/strong><\/p>\n\n\n\n<p><strong>AR:<\/strong> Hepimiz arkada\u015f\u0131z. Mesela ben bir d\u00f6nem Betty\u2019nin y\u00f6netmenli\u011fini de \u00fcstlenen Crystal\u2019la birlikte ya\u015fad\u0131m. Rachelle de birka\u00e7 y\u0131l boyunca Moonbear\u2019la birlikte ya\u015fad\u0131. Hepimiz birlikte bir aile gibiyiz. Birbirimize \u00e7ok yak\u0131n\u0131z.<\/p>\n\n\n\n<p><strong>RV:<\/strong> Ayr\u0131ca bu t\u00fcr \u015feyleri yapmaya da al\u0131\u015fk\u0131n oldu\u011fumuzu s\u00f6yleyebilirim. Bu \u015fekilde \u00e7ekimlerde oldu\u011fu gibi. Genel olarak kaykay yaparken, farkl\u0131 numaralar icra ederken ve izleyen senin i\u00e7in tezah\u00fcratlar yaparken de \u00fczerimizde hep kamera oluyor. Sanki onlarla birlikte film \u00e7ekiyormu\u015fuz gibi hissettiriyor.<\/p>\n\n\n\n<figure class=\"wp-block-gallery columns-0 is-cropped wp-block-gallery-1 is-layout-flex wp-block-gallery-is-layout-flex\"><ul class=\"blocks-gallery-grid\"><\/ul><\/figure>\n\n\n\n<p>Bazen sete geldi\u011finizde kendinizi \u00e7ok iyi hissetmeyebiliyorsunuz. Ama ne \u015fansl\u0131y\u0131z ki konu\u015facak ve \u00fcstesinden gelmemize yard\u0131mc\u0131 olacak arkada\u015flar\u0131m\u0131z var. Sonra bir anda bir bak\u0131yorsun ki onlarla bir sahnede oynuyorsun, g\u00fcl\u00fcyor e\u011fleniyorsun. Bu \u00e7ok daha iyi hissettiriyor.<\/p>\n\n\n\n<p><strong> Yeni sezonda sizin i\u00e7in \u00f6ne \u00e7\u0131kan \u015fey nedir?<\/strong><\/p>\n\n\n\n<p><strong>AR: <\/strong>\u0130kimizin karakterinin ba\u015f\u0131ndan da bu sezonda \u00e7ok \u015feyler ge\u00e7ecek.<\/p>\n\n\n\n<p><strong>RV: <\/strong>Evet, aynen \u00f6yle. Senaristlerin bu arkada\u015fl\u0131k grubundaki her bir arkada\u015f\u0131 di\u011fer insanlarla \u00e7ok iyi bir \u015fekilde e\u015fle\u015ftirmesi ho\u015fuma gidiyor. B\u00f6ylece dizideki farkl\u0131 hik\u00e2yelerin i\u00e7 i\u00e7e ge\u00e7ti\u011fini g\u00f6rebiliyoruz. Birlikte \u00e7al\u0131\u015fmak \u00e7ok e\u011flenceliydi. Ajani ile birlikte olan sahnelerimizde ger\u00e7ekten \u00e7ok e\u011flendik.<\/p>\n\n\n\n<p><strong>AR:<\/strong> Karakterlerimiz ger\u00e7ekten de birbirleriyle olan ili\u015fkilerini ke\u015ffetme \u015fans\u0131 buluyor. Bu iki karakter aras\u0131nda ge\u00e7en birebir konu\u015fmalar\u0131n say\u0131s\u0131n\u0131n artmas\u0131; izleyicinin de onlar\u0131n asl\u0131nda kim olduklar\u0131n\u0131, de\u011fer verdikleri \u015feyleri, ahlaki de\u011ferlerini ve nelerden motive olduklar\u0131n\u0131 ke\u015ffetmelerine imk\u00e2n tan\u0131yor.<\/p>\n\n\n\n<figure class=\"wp-block-image size-large\"><img loading=\"lazy\" decoding=\"async\" width=\"1024\" height=\"683\" src=\"data:image\/gif;base64,R0lGODlhAQABAAAAACH5BAEKAAEALAAAAAABAAEAAAICTAEAOw==\" data-src=\"https:\/\/popartlifedergi.com\/wp-content\/uploads\/2021\/07\/820538_5576424_6000x4000-1024x683.jpg\" alt=\"\" class=\"wp-image-539 lazyload\" data-sizes=\"auto\" data-srcset=\"https:\/\/popartlifedergi.com\/wp-content\/uploads\/2021\/07\/820538_5576424_6000x4000-1024x683.jpg 1024w, https:\/\/popartlifedergi.com\/wp-content\/uploads\/2021\/07\/820538_5576424_6000x4000-300x200.jpg 300w, https:\/\/popartlifedergi.com\/wp-content\/uploads\/2021\/07\/820538_5576424_6000x4000-768x512.jpg 768w, https:\/\/popartlifedergi.com\/wp-content\/uploads\/2021\/07\/820538_5576424_6000x4000-1536x1024.jpg 1536w, https:\/\/popartlifedergi.com\/wp-content\/uploads\/2021\/07\/820538_5576424_6000x4000-2048x1365.jpg 2048w, https:\/\/popartlifedergi.com\/wp-content\/uploads\/2021\/07\/820538_5576424_6000x4000-450x300.jpg 450w, https:\/\/popartlifedergi.com\/wp-content\/uploads\/2021\/07\/820538_5576424_6000x4000-225x150.jpg 225w, https:\/\/popartlifedergi.com\/wp-content\/uploads\/2021\/07\/820538_5576424_6000x4000-900x600.jpg 900w, https:\/\/popartlifedergi.com\/wp-content\/uploads\/2021\/07\/820538_5576424_6000x4000-1350x900.jpg 1350w, https:\/\/popartlifedergi.com\/wp-content\/uploads\/2021\/07\/820538_5576424_6000x4000-20x13.jpg 20w, https:\/\/popartlifedergi.com\/wp-content\/uploads\/2021\/07\/820538_5576424_6000x4000-144x96.jpg 144w\" sizes=\"auto, (max-width: 1024px) 100vw, 1024px\" \/><\/figure>\n\n\n\n<p><strong>Dizinin birinci sezonunda \u00e7arp\u0131c\u0131 ve g\u00fcndeme g\u00f6z k\u0131rpan pek \u00e7ok konu i\u015flendi. Bug\u00fcndeymi\u015f gibi hissettirdi. \u201cBlack Lives Matter\u201d hareketi, Breonna Taylor\u2019\u0131n \u00f6ld\u00fcr\u00fclmesi ya da orta s\u0131n\u0131f beyaz kad\u0131n\u0131 olmak gibi. Bu konular sizin i\u00e7in neden \u00f6nemliydi?<\/strong><\/p>\n\n\n\n<p><strong>AR: <\/strong>Dizi bizim ger\u00e7ek hayatlar\u0131m\u0131za dayan\u0131yor. Bu y\u00fczden de biz b\u00fcy\u00fcd\u00fck\u00e7e ve hayat\u0131m\u0131za devam ettik\u00e7e dizi de ilerliyor. Ayn\u0131 \u015fekilde d\u00fcnya da ilerliyor tabii.<\/p>\n\n\n\n<p><strong>RV: <\/strong>Dizinin b\u00f6l\u00fcmlerinin senaryosu karantina s\u0131ras\u0131nda t\u00fcm o olaylar ya\u015fand\u0131\u011f\u0131 zamanlarda yaz\u0131ld\u0131. E tabi ki insan t\u00fcm bunlar\u0131n orta yerinde olunca, ya\u015fananlar da senaryoya yans\u0131yor. \u00c7\u00fcnk\u00fc ya\u015fananlar y\u00fcz\u00fcm\u00fcze yans\u0131yor.<\/p>\n\n\n\n<p>Ayr\u0131ca diziyle ilgili di\u011fer bir g\u00fczel \u015fey de her yerde ayr\u0131nt\u0131lara g\u00f6sterilen dikkat ve \u00f6zen. \u00d6rne\u011fin arka plana yak\u0131ndan bakarsan\u0131z, \u015fu anda d\u00fcnyada olup bitenleri ve ya\u015fananlar\u0131 birebir anlatan posterlerin as\u0131l\u0131 oldu\u011funu g\u00f6receksiniz. Sokaklar\u0131 g\u00f6steren a\u00e7\u0131l\u0131\u015f sahnesinde, izleyiciler insanlar\u0131n karantina y\u00fcz\u00fcnden terk etti\u011fi yerleri g\u00f6recekler. Birka\u00e7 ay \u00f6nce hepimizin hissettikleriyle birebir ayn\u0131 \u015feyler.<\/p>\n\n\n\n<p><strong> Dizinin hayranlar\u0131 sizin dizideki tarz\u0131n\u0131za kesinlikle bay\u0131l\u0131yor. Dizi boyunca kendi moda anlay\u0131\u015f\u0131n\u0131z\u0131 yans\u0131tabildiniz mi?<\/strong><\/p>\n\n\n\n<p><strong>AR:<\/strong> Evet, hepimiz kesinlikle yans\u0131tabildik. Bence karakterlerimizin moda anlay\u0131\u015flar\u0131 da ger\u00e7ekten bizimkilere dayan\u0131yor. Giyim ma\u011fazalar\u0131na gidip elbiseler se\u00e7ip \u2018Bunu \u015fununla giysem g\u00fczel olur\u2019, \u2018Bu harika g\u00f6r\u00fcn\u00fcyor!\u2019 \u2018Tanr\u0131m! M\u00fcthi\u015f aksesuar\u2019 deyip duruyorduk.<\/p>\n\n\n\n<p><strong>RV: <\/strong>Karakterlerin giydi\u011fi k\u0131yafetler, halihaz\u0131rda bizim zaten giydi\u011fimiz k\u0131yafetlerin zenginle\u015ftirilmi\u015f bir t\u00fcr versiyonlar\u0131 gibi. Hepimiz az \u00e7ok karakterlerimizin giydi\u011fi \u015fekilde giyiniyoruz.<\/p>\n\n\n\n<p><strong>AR:<\/strong> Ama al\u0131\u015fveri\u015fe gitmek i\u00e7in daha fazla param\u0131z ve zaman\u0131m\u0131z olsayd\u0131 ve daha fazla \u00e7aba g\u00f6sterebilseydik ke\u015fke.<\/p>\n\n\n\n<p><strong> \u0130lk sezon i\u00e7in gen\u00e7 kad\u0131nlar internet ortam\u0131nda size \u00e7ok fazla sevgi g\u00f6sterisinde bulundu. Hayranlar\u0131n\u0131zdan y\u00fcrek \u0131s\u0131tan mesajlar ald\u0131n\u0131z m\u0131?<\/strong><\/p>\n\n\n\n<p><strong>RV: <\/strong>Ah evet. Hem de \u00e7ok fazla. Hatta sizin sayenizde kaykay yapmaya ba\u015flad\u0131m diye mesaj atan insanlar bile oldu.<\/p>\n\n\n\n<p><strong>AR:<\/strong> \u00d6zellikle de hep birlikteyken, g\u00f6sterilen sevgi de muazzam boyutlarda.<\/p>\n\n\n\n<p><strong>RV:<\/strong> Ben Catherine Hardwicke\u2019in <em>Lords of Dogtown <\/em>isimli filmini izledikten sonra kaykay olay\u0131na merak sard\u0131m. Filmi izledi\u011fimde ne kadar da haval\u0131 diye d\u00fc\u015f\u00fcnd\u00fcm. Emile Hirsch\u2019in karakterine hayran oldum ve resmen ona kar\u015f\u0131 bir tak\u0131nt\u0131m olu\u015ftu. O y\u00fczden insanlar\u0131n bize gelip Betty\u2019de bizi g\u00f6rd\u00fckleri i\u00e7in kaykaya ba\u015flad\u0131klar\u0131n\u0131 s\u00f6ylemeleri \u00e7ok \u00e7\u0131lg\u0131nca.<\/p>\n\n\n\n<p><strong>AR:<\/strong> Ben b\u00fcy\u00fcrken kaykay konusundaki rol modelim <em>Rocket Power<\/em>\u2019daki Reggie karakteriydi. Reggie mor sa\u00e7lar\u0131 olan bir \u00e7izgi film karakteriydi. Kaykay yapt\u0131\u011f\u0131n\u0131 bildi\u011fim tek k\u0131z oydu. X Games\u2019i ne zaman izlesem i\u00e7imden \u2018\u00c7ok haval\u0131lar ama ben oraya ait oldu\u011fumu pek sanm\u0131yorum\u2019 diye ge\u00e7irirdim. Kaykay yapma fikrini her zaman \u00e7ok sevmi\u015fimdir. Nina (Moran) ile tan\u0131\u015ft\u0131\u011f\u0131mda 18 ya\u015f\u0131ndayd\u0131m. Bana \u2018S\u00f6ylesene, kaykay yapmak ister misin?\u2019 diye sordu. Sonra bir kaykay tahtas\u0131 getirdi. Bunu yapt\u0131\u011f\u0131 i\u00e7in ona sonsuza kadar minnettar olaca\u011f\u0131m. Benim kaykay yapmaya ba\u015flamak i\u00e7in yeterince \u00f6zg\u00fcvenim yoktu ama bana g\u00fcvendi.<\/p>\n\n\n\n<p><strong>AR:<\/strong> Beni Betty\u2019de yer almak i\u00e7in motive eden ve h\u00e2l\u00e2 etmeye devam eden bir di\u011fer \u00f6nemli \u015fey de, ba\u015fkalar\u0131 i\u00e7in, b\u00fcy\u00fcrken benim sahip olmad\u0131\u011f\u0131m rol model olabilmekti. Sezon boyunca bir k\u0131z \u00e7ocu\u011fuyla \u00e7ekim yapt\u0131k. Ya 10 ya da 13 ya\u015flar\u0131nda bir k\u0131z. Bana, kaykay d\u00fcnyas\u0131nda benim gibi g\u00f6r\u00fcnen ya da benzer sa\u00e7 modeline sahip olan \u00e7ok fazla insan g\u00f6rmedi\u011fini s\u00f6yledi. \u00c7ok g\u00fczel ve kocaman Afro sa\u00e7lar\u0131 vard\u0131. Bu k\u00fc\u00e7\u00fck siyah k\u0131z\u0131n b\u00f6ylesi gen\u00e7 bir ya\u015fta kendisine bu kadar g\u00fcven duymas\u0131 ve i\u00e7 g\u00f6zlem yetene\u011finin bu kadar fazla olabilmesi beni \u00e7ok mutlu ediyor. Tekrar duyguland\u0131m. Daha sonra annesi yan\u0131ma geldi ve \u2018K\u0131z\u0131m seninle tan\u0131\u015ft\u0131\u011f\u0131 i\u00e7in \u00e7ok mutluyum. Kaykay yapan bir rol modele sahip olma olmas\u0131 ger\u00e7ekten harika\u2019 dedi. K\u00fc\u00e7\u00fck k\u0131z benimle foto\u011fraf \u00e7ektirmek istedi. Ona \u2018Elbette \u00e7ekilebiliriz\u2019 dedim ama sonra gitmek zorunda oldu\u011fumu belirterek arkam\u0131 d\u00f6nd\u00fc\u011f\u00fcm anda k\u0131z h\u0131\u00e7k\u0131ra h\u0131\u00e7k\u0131ra a\u011flamaya ba\u015flad\u0131. O anda ger\u00e7ekten \u00e7ok duyguland\u0131m.<\/p>\n\n\n\n<p><strong> \u00c7ekim yaparken en zorland\u0131\u011f\u0131n\u0131z k\u0131s\u0131mlar nelerdi?<\/strong><\/p>\n\n\n\n<p><strong>RV: <\/strong>Aman tanr\u0131m! Ajani ile birlikte, karakterimin rahats\u0131z olmas\u0131 gereken k\u0131yafetleri giymek zorunda kald\u0131\u011f\u0131m\u0131z t\u00fcm b\u00f6l\u00fcmlerden nefret ettim. \u00c7\u00fcnk\u00fc tam da o hafta zaten regl d\u00f6nemimdeydim ve kendimi her zamanki gibi iyi hissetmiyordum. Karakterim kendini ger\u00e7ekten rahats\u0131z hissetti\u011fi zaman \u00f6yle dar k\u0131yafetler giymek benim i\u00e7in \u00e7ok zor oldu.<\/p>\n\n\n\n<p><strong>AR:<\/strong> Indigo\u2019nun erkeklerle kurdu\u011fu etkile\u015fimin tamam\u0131 i\u011fren\u00e7 ve erkeklerin onu k\u00fc\u00e7\u00fcmsedi\u011fini g\u00f6rebilirsiniz. Bu t\u00fcr durumlarda bu erkeklerin kad\u0131nlara sayg\u0131 duymad\u0131\u011f\u0131n\u0131 anlayabiliyorsunuz. Bu kad\u0131n d\u00fc\u015fman\u0131 bir tav\u0131r. Bu sahnelerin tamam\u0131 ge\u00e7mi\u015fte ya\u015fad\u0131\u011f\u0131m baz\u0131 travmalar\u0131 tekrar ortaya \u00e7\u0131kard\u0131. Sadece romantik ili\u015fkilerden de bahsetmiyorum. Sokakta y\u00fcr\u00fcrken hi\u00e7 tan\u0131mad\u0131\u011f\u0131n\u0131z insanlarla girmek zorunda kald\u0131\u011f\u0131n\u0131z etkile\u015fimler de buna dahil. Herhangi bir insanla bu \u015fekilde konu\u015fma c\u00fcretini nereden buluyorlar anlamak m\u00fcmk\u00fcn de\u011fil diye d\u00fc\u015f\u00fcnmeden edemiyor insan.<\/p>\n\n\n\n<p><strong> HBO ile \u00e7al\u0131\u015fmak nas\u0131ld\u0131?<\/strong><\/p>\n\n\n\n<p><strong>AR:<\/strong> Harikuladeydi ama bir o kadar da farkl\u0131 ve yo\u011fundu. \u00c7\u00fcnk\u00fc ge\u00e7mi\u015fte bizim birlikte \u00e7al\u0131\u015fma deneyimimiz, HBO ile olan deneyime k\u0131yasla \u00e7ok daha rahat temellere dayan\u0131yordu. Sonu\u00e7ta HBO\u2019dan bahsediyoruz. O y\u00fczden i\u015fimizi bir \u00fcst seviyeye ta\u015f\u0131mak zorunda oldu\u011fumuzu biliyorduk. <em>Skate Kitchen<\/em> ba\u011f\u0131ms\u0131z bir filmdi. D\u00fcr\u00fcst olmak gerekirse o zaman sadece k\u00fc\u00e7\u00fck bir arkada\u015f grubuyduk.<\/p>\n\n\n\n<p><strong> Yeni sezonun yay\u0131nlanmas\u0131 size nas\u0131l hissettiriyor?<\/strong><\/p>\n\n\n\n<p><strong>AR: <\/strong>\u00c7ok korkutucu!<\/p>\n\n\n\n<p><strong>RV: <\/strong>Bu dizi asl\u0131nda akranlar\u0131m\u0131z i\u00e7in; k\u0131z \u00e7ocuklar\u0131 ve bize benzeyen insanlar i\u00e7in yap\u0131lm\u0131\u015f bir dizi. Yani, ger\u00e7ekten \u00f6nemli olan tek \u015fey bu. Di\u011fer insanlar ne derse desin \u00f6nemi yok. Bu herkes i\u00e7in yap\u0131lm\u0131\u015f bir dizi de\u011fil.<\/p>\n\n\n\n<p><strong>AR:<\/strong> Bu diziyi \u00e7ok belirli bir hedef kitle i\u00e7in yapt\u0131k. Bizim gibi insanlar i\u00e7in. Yeterince temsil edilmeyen ya da yanl\u0131\u015f temsil edilen insanlar i\u00e7in yapt\u0131k.<\/p>\n\n\n\n<p><strong>RV: <\/strong>Bence herkes bu dizide kendisiyle ba\u011flant\u0131 kuracak bir \u015fey bulabilir tabii ama bizim as\u0131l odakland\u0131\u011f\u0131m\u0131z kitle kendi akranlar\u0131m\u0131z.<\/p>\n\n\n\n<p><strong> Crystal\u2019la birlikte \u00e7al\u0131\u015fmak nas\u0131ld\u0131?<\/strong><\/p>\n\n\n\n<p><strong>RV: <\/strong>Ailemden biri gibi adeta. Onu \u00e7ok uzun zamand\u0131r tan\u0131yoruz. Onunla birlikte ya\u015f\u0131yoruz. Birbirimize \u00e7ok yak\u0131n\u0131z. S\u00fcrekli i\u015f birli\u011fi halindeyiz. O kadar yak\u0131n\u0131z ki bu bazen tart\u0131\u015fmam\u0131za neden oluyor. Birbirimize \u2018O repli\u011fi s\u00f6ylemek istemiyorum\u2019 ya da \u2018Bunu neden s\u00f6ylemiyoruz ki?\u2019 gibi c\u00fcmleler kurabiliyoruz. O da bize \u2018Y\u00f6netmen benim\u2019 diyebiliyor. Herkes birbirine sayg\u0131 duyuyor, bu \u00e7ok a\u00e7\u0131k. Ama b\u00f6yle \u015fakala\u015fmalar da \u00e7ok e\u011flenceli oluyor.<\/p>\n\n\n\n<p>Genel olarak Crystal ba\u015fkalar\u0131n\u0131n s\u00f6ylemek istedi\u011fi \u015feylere ve yorumlar\u0131na \u00e7ok a\u00e7\u0131k bir insan. Her zaman fikirlerimizi dinliyor ve bize belli konular hakk\u0131nda ne d\u00fc\u015f\u00fcnd\u00fc\u011f\u00fcm\u00fcz\u00fc soruyor.<\/p>\n\n\n\n<p><strong>AR:<\/strong> Her konuda \u00e7ok destek olan biri. Yanl\u0131\u015f \u015fekilde temsil edilen ve resmedilen insan gruplar\u0131n\u0131n hik\u00e2yelerini anlatan s\u0131radan bir beyaz yap\u0131mc\u0131-y\u00f6netmen de\u011fil. Bu dizide biz kendi hik\u00e2yelerimizi kendimiz anlat\u0131yoruz. Bence Betty\u2019nin bu kadar ger\u00e7ek\u00e7i ve \u00f6zg\u00fcn olma noktas\u0131nda bu kadar ba\u015far\u0131l\u0131 olmas\u0131n\u0131n temel sebebi de bu. Crystal s\u00fcrekli bizimle i\u015f birli\u011fi halinde.<\/p>\n\n\n\n<p><strong> Dizinin genelini d\u00fc\u015f\u00fcnd\u00fc\u011f\u00fcn\u00fczde, sizin \u00f6ne \u00e7\u0131kan bir \u015fey, ho\u015f bir an\u0131n\u0131z var m\u0131?<\/strong><\/p>\n\n\n\n<p><strong>AR:<\/strong> Benim karakterimin iplerin \u00fczerinde oldu\u011fu bir sahne vard\u0131. Havada as\u0131l\u0131yd\u0131m. O sahne e\u011flenceliydi.<\/p>\n\n\n\n<p><strong>RV: <\/strong>A\u00e7\u0131l\u0131\u015f sahnesinde sokakta birlikte kaykay yap\u0131yorduk. \u00c7ok keyifli bir deneyimdi \u00e7\u00fcnk\u00fc Soho\u2019daki koca bir caddeyi kapatm\u0131\u015flard\u0131. Etraf\u0131m\u0131zda \u00e7ok g\u00fczel bir ortam olu\u015fmu\u015ftu. Bowery\u2019i g\u00f6rebiliyorduk. \u0130\u00e7imden ne kadar da m\u00fcthi\u015f bir ortam oldu\u011funu ge\u00e7irip durdum. \u2018Vay be! Ger\u00e7ekten de \u015fehrin g\u00f6be\u011finde bunu yap\u0131yoruz. Bunu tekrar yapabilir miyiz bilmiyorum.\u2019 diye d\u00fc\u015f\u00fcnd\u00fcm. En \u00f6nemli anlardan biriydi.<\/p>\n\n\n\n<p>Kaynak: beIN CONNECT<\/p>\n\n\n\n<p>R\u00f6portaj: Nurcan Kara\u00e7am<\/p>\n\n\n\n<p><\/p>\n","protected":false},"excerpt":{"rendered":"<p>Rachelle Vinberg ve Ajani Russell (Camille ve Indigo Karakterlerini Canland\u0131r\u0131yorlar) Betty\u2019nin ikinci sezon i\u00e7in de onay ald\u0131\u011f\u0131n\u0131 duydu\u011funuzda ne hissettiniz? RV: Ben \u00e7ok heyecanland\u0131m. Haberi ilk ald\u0131\u011f\u0131m\u0131zda Crystal\u2019la birlikte Montauk\u2019ta deniz kenar\u0131ndayd\u0131m. Crystal \u2018\u0130kinci sezon i\u00e7in onay ald\u0131k!\u2019 dedi ve ben o an \u2018\u0130\u015fte bu!\u2019 diye sevindim. Bu dizi ve karakterle ilgili daha fazla ke\u015fif&hellip;<\/p>\n","protected":false},"author":1,"featured_media":538,"comment_status":"open","ping_status":"open","sticky":true,"template":"","format":"standard","meta":{"spay_email":"","footnotes":""},"categories":[1],"tags":[],"thb-sponsors":[],"class_list":["post-537","post","type-post","status-publish","format-standard","has-post-thumbnail","hentry","category-uncategorized"],"jetpack_featured_media_url":"https:\/\/popartlifedergi.com\/wp-content\/uploads\/2021\/07\/815194_4999288_4500x3450-scaled.jpg","_links":{"self":[{"href":"https:\/\/popartlifedergi.com\/index.php\/wp-json\/wp\/v2\/posts\/537","targetHints":{"allow":["GET"]}}],"collection":[{"href":"https:\/\/popartlifedergi.com\/index.php\/wp-json\/wp\/v2\/posts"}],"about":[{"href":"https:\/\/popartlifedergi.com\/index.php\/wp-json\/wp\/v2\/types\/post"}],"author":[{"embeddable":true,"href":"https:\/\/popartlifedergi.com\/index.php\/wp-json\/wp\/v2\/users\/1"}],"replies":[{"embeddable":true,"href":"https:\/\/popartlifedergi.com\/index.php\/wp-json\/wp\/v2\/comments?post=537"}],"version-history":[{"count":4,"href":"https:\/\/popartlifedergi.com\/index.php\/wp-json\/wp\/v2\/posts\/537\/revisions"}],"predecessor-version":[{"id":545,"href":"https:\/\/popartlifedergi.com\/index.php\/wp-json\/wp\/v2\/posts\/537\/revisions\/545"}],"wp:featuredmedia":[{"embeddable":true,"href":"https:\/\/popartlifedergi.com\/index.php\/wp-json\/wp\/v2\/media\/538"}],"wp:attachment":[{"href":"https:\/\/popartlifedergi.com\/index.php\/wp-json\/wp\/v2\/media?parent=537"}],"wp:term":[{"taxonomy":"category","embeddable":true,"href":"https:\/\/popartlifedergi.com\/index.php\/wp-json\/wp\/v2\/categories?post=537"},{"taxonomy":"post_tag","embeddable":true,"href":"https:\/\/popartlifedergi.com\/index.php\/wp-json\/wp\/v2\/tags?post=537"},{"taxonomy":"thb-sponsors","embeddable":true,"href":"https:\/\/popartlifedergi.com\/index.php\/wp-json\/wp\/v2\/thb-sponsors?post=537"}],"curies":[{"name":"wp","href":"https:\/\/api.w.org\/{rel}","templated":true}]}}